{"id":7285,"date":"2022-05-09T11:38:28","date_gmt":"2022-05-09T14:38:28","guid":{"rendered":"https:\/\/radiostudiow.com.br\/site\/?p=7285"},"modified":"2025-01-31T15:10:09","modified_gmt":"2025-01-31T18:10:09","slug":"campeonato-municipal-de-futsal-do-interior-de-mallet-comeca-com-duas-grandes-partidas","status":"publish","type":"post","link":"https:\/\/radiostudiow.com.br\/site\/2022\/05\/09\/campeonato-municipal-de-futsal-do-interior-de-mallet-comeca-com-duas-grandes-partidas\/","title":{"rendered":"CAMPEONATO MUNICIPAL DE FUTSAL DO INTERIOR DE MALLET COME\u00c7A COM DUAS GRANDES PARTIDAS"},"content":{"rendered":"\n<p>Na \u00faltima quinta-feira (05), no Gin\u00e1sio Municipal de Esportes de Mallet, iniciou a edi\u00e7\u00e3o de 2022 do Campeonato Municipal de Futsal do Interior.<\/p>\n\n\n\n<p>Esse ano a Secretaria de Esportes conseguiu realizar no per\u00edodo considerado entressafra do interior, j\u00e1 que nos anos anteriores devido \u00e0 pandemia, quando n\u00e3o houve a edi\u00e7\u00e3o em 2020, por exemplo, e no ano seguinte somente foi realizado no m\u00eas de agosto e setembro, dificultando a vinda dos atletas devido ao inicio do plantio.<\/p>\n\n\n\n<p>Infelizmente apenas 06 equipes se inscreveram, mesmo com a abertura no regulamento o qual aumenta os requisitos para comprova\u00e7\u00e3o do atleta.<\/p>\n\n\n\n<p>De acordo com o Secret\u00e1rio de Esportes Valdir Wladyka, a mudan\u00e7a foi necess\u00e1ria, porque cada vez mais a cobran\u00e7a do regulamento por parte dos dirigentes, se tornou mais constante devido ao n\u00edvel t\u00e9cnico dos atletas. <em><strong>\u201cEm edi\u00e7\u00f5es anteriores somente bastava o atleta comprovar que morava no interior, mas como a cidade cresceu e muitos atletas que tem suas origens no campo vieram para a cidade trabalhar, impossibilitou assim a comprova\u00e7\u00e3o por apenas \u201cBom Senso\u201d entre as equipes\u201d<\/strong><\/em>, destacou Wladyka a R\u00e1dio Studio W.<\/p>\n\n\n\n<figure class=\"wp-block-image size-full\"><img decoding=\"async\" src=\"https:\/\/radiostudiow.com.br\/site\/wp-content\/uploads\/2022\/05\/NUTRI-MALLET.jpg\" alt=\"\" class=\"wp-image-7282\"\/><\/figure>\n\n\n\n<p>As equipes participantes do Campeonato de Futsal do Interior de Mallet 2022 s\u00e3o:<\/p>\n\n\n\n<p>Palmeirinha, do Vicinal Dois Dorizon, a atual Campe\u00e3,<br>Lions da Col\u00f4nia Cinco, Vice Campe\u00e3 de 2021,<br>Colorado da Col\u00f4nia Duas Rio Claro,<br>Rio Bonito da Col\u00f4nia Rio Bonito,<br>Roma da Col\u00f4nia Tr\u00eas Serra Vermelha<br>Lajeado da localidade do Lajeado de Baixo.<br>Na estreia da competi\u00e7\u00e3o, dois jogos abriram a rodada com empate e teve emo\u00e7\u00e3o at\u00e9 os \u00faltimos instantes.<br><em>\u00c0s 19h30min jogaram:<\/em> <strong>PALMEIRINHA 04 X 04 ROMA F.C<\/strong><\/p>\n\n\n\n<p><em>Marcaram para a equipe do PALMEIRINHA: Jean Iwanczuk marcou 02 gols. Reginaldo Sobianski e Evio Sitko marcaram 01 gol cada.<br>Para a equipe ROMA F.C: Marcos Zwierzykowski marcou 02 gols, Sidnei R. Sembai e Cl\u00e1udio Ostroski marcaram 01 gol cada.<\/em><\/p>\n\n\n\n<p>Na sequencia \u00e1s 20h30min jogaram: <strong>RIO BONITO 03 X 03 COLORADO<\/strong><\/p>\n\n\n\n<p><em>Para a equipe RIO BONITO: Jorge Szymczak marcou 02 gols. Andr\u00e9 Donda marcou 01 gol.<br>Para a equipe COLORADO: Dalton Sechuk, An\u00e1zio Gol\u00eania e Tiago Daczkowski marcaram 01 gol cada.<\/em><\/p>\n\n\n\n<p><strong>Nessa pr\u00f3xima quinta-feira (12), teremos mais dois jogos:<\/strong><\/p>\n\n\n\n<p>Fechando a 1\u00aa Rodada<br>\u00c1s 19h30min jogam, LIONS X LAJEADO DE BAIXO<br>E na sequencia abrindo a 2\u00aa Rodada do campeonato.<br>\u00c1s 20h30min ROMA F.C X RIO BONITO<\/p>\n\n\n\n<p>Campeonato Municipal de Futsal do Interior 2022 da cidade de Mallet tem a previs\u00e3o de encerramento no dia 30 de junho, quando saberemos qual \u00e9 a melhor equipe de futsal do interior malletense.<br>Mais uma Promo\u00e7\u00e3o e Realiza\u00e7\u00e3o da Secretaria de Esportes da Prefeitura Municipal de Mallet.<\/p>\n\n\n\n<figure class=\"wp-block-image size-full\"><img decoding=\"async\" src=\"https:\/\/radiostudiow.com.br\/site\/wp-content\/uploads\/2022\/04\/HF-MALLET.jpg\" alt=\"\" class=\"wp-image-7103\"\/><\/figure>\n","protected":false},"excerpt":{"rendered":"<p>Na \u00faltima quinta-feira (05), no Gin\u00e1sio Municipal de Esportes de Mallet, iniciou a edi\u00e7\u00e3o de 2022 do Campeonato Municipal de Futsal do Interior. Esse ano a Secretaria de Esportes conseguiu realizar no per\u00edodo considerado entressafra do interior, j\u00e1 que nos anos anteriores devido \u00e0 pandemia, quando n\u00e3o houve a edi\u00e7\u00e3o em 2020, por exemplo, e [&hellip;]<\/p>\n","protected":false},"author":2,"featured_media":0,"comment_status":"open","ping_status":"open","sticky":false,"template":"","format":"standard","meta":{"footnotes":""},"categories":[184],"tags":[172],"class_list":["post-7285","post","type-post","status-publish","format-standard","hentry","category-local","tag-featured"],"amp_enabled":true,"_links":{"self":[{"href":"https:\/\/radiostudiow.com.br\/site\/wp-json\/wp\/v2\/posts\/7285","targetHints":{"allow":["GET"]}}],"collection":[{"href":"https:\/\/radiostudiow.com.br\/site\/wp-json\/wp\/v2\/posts"}],"about":[{"href":"https:\/\/radiostudiow.com.br\/site\/wp-json\/wp\/v2\/types\/post"}],"author":[{"embeddable":true,"href":"https:\/\/radiostudiow.com.br\/site\/wp-json\/wp\/v2\/users\/2"}],"replies":[{"embeddable":true,"href":"https:\/\/radiostudiow.com.br\/site\/wp-json\/wp\/v2\/comments?post=7285"}],"version-history":[{"count":1,"href":"https:\/\/radiostudiow.com.br\/site\/wp-json\/wp\/v2\/posts\/7285\/revisions"}],"predecessor-version":[{"id":7287,"href":"https:\/\/radiostudiow.com.br\/site\/wp-json\/wp\/v2\/posts\/7285\/revisions\/7287"}],"wp:attachment":[{"href":"https:\/\/radiostudiow.com.br\/site\/wp-json\/wp\/v2\/media?parent=7285"}],"wp:term":[{"taxonomy":"category","embeddable":true,"href":"https:\/\/radiostudiow.com.br\/site\/wp-json\/wp\/v2\/categories?post=7285"},{"taxonomy":"post_tag","embeddable":true,"href":"https:\/\/radiostudiow.com.br\/site\/wp-json\/wp\/v2\/tags?post=7285"}],"curies":[{"name":"wp","href":"https:\/\/api.w.org\/{rel}","templated":true}]}}