{"id":7290,"date":"2022-05-09T16:12:30","date_gmt":"2022-05-09T19:12:30","guid":{"rendered":"https:\/\/radiostudiow.com.br\/site\/?p=7290"},"modified":"2025-01-31T15:10:09","modified_gmt":"2025-01-31T18:10:09","slug":"apenas-04-prefeitos-da-regiao-tem-aprovacao-superior-a-50","status":"publish","type":"post","link":"https:\/\/radiostudiow.com.br\/site\/2022\/05\/09\/apenas-04-prefeitos-da-regiao-tem-aprovacao-superior-a-50\/","title":{"rendered":"Apenas 04 prefeitos da Regi\u00e3o tem aprova\u00e7\u00e3o superior a 50%"},"content":{"rendered":"\n<p>Pesquisa realizada pelo Instituto de Pesquisas Vanguarda da cidade de Francisco Beltr\u00e3o, entre os dias 27 de abril e 03 de maio de 2022. avaliou os prefeitos de todas as cidades da regi\u00e3o da AMSULPAR (Associa\u00e7\u00e3o do Munic\u00edpios do Sul do Paran\u00e1).<\/p>\n\n\n\n<p>De acordo com o Instituto foi inclu\u00eddo entre os munic\u00edpios da AMSULPAR a cidade de Mallet, que pertence a AMCESPAR, mas tem forte liga\u00e7\u00e3o com a micro regi\u00e3o de Uni\u00e3o da Vit\u00f3ria.<\/p>\n\n\n\n<figure class=\"wp-block-image size-full\"><img decoding=\"async\" src=\"https:\/\/radiostudiow.com.br\/site\/wp-content\/uploads\/2022\/03\/240387432_2992083691066122_4820772207429196742_n.jpg\" alt=\"\" class=\"wp-image-6405\"\/><\/figure>\n\n\n\n<p>Rodrigo Rossoni, de Bituruna foi disparado o mais bem avaliado com 66% de aprova\u00e7\u00e3o.<\/p>\n\n\n\n<p>Prefeito Moacir Szinvelski de Mallet tem 58% de aprova\u00e7\u00e3o segundo a pesquisa.<\/p>\n\n\n\n<p>Fernanda Sardanha de S\u00e3o Mateus do Sul com 55% e Bachir Abbas de Uni\u00e3o da Vit\u00f3ria com 53%, fecham a lista dos \u00fanicos prefeitos que superaram a casa dos 50% de aprova\u00e7\u00e3o.<\/p>\n\n\n\n<p>A lista completa, tem o seu final e d\u00e9cimo lugar com a Prefeita de Porto Vit\u00f3ria, Marisa, que obteve apenas 27% de aprova\u00e7\u00e3o, sendo a pior prefeita da AMSULPAR na avalia\u00e7\u00e3o popular realizada pelo Instituto de Pesquisas Vanguarda.<\/p>\n\n\n\n<p>A lista ainda tem em quinto lugar o Prefeito de Paula Freitas, Xiru; em sexto lugar o Prefeito de Antonio Olinto, Allan; em s\u00e9timo lugar o Prefeito de Cruz Machado, Toninho; em oitavo lugar o Prefeito de Paulo Frontin, Jamil; em nono lugar o prefeito de General Carneiro, Joel.<\/p>\n\n\n\n<p><strong>Mat\u00e9ria da Revista Vanguarda, do domingo dia 08 de maio de 2022.<\/strong><\/p>\n\n\n\n<figure class=\"wp-block-image size-full\"><img decoding=\"async\" src=\"https:\/\/radiostudiow.com.br\/site\/wp-content\/uploads\/2022\/03\/vem_ai.jpg\" alt=\"\" class=\"wp-image-6364\"\/><\/figure>\n","protected":false},"excerpt":{"rendered":"<p>Pesquisa realizada pelo Instituto de Pesquisas Vanguarda da cidade de Francisco Beltr\u00e3o, entre os dias 27 de abril e 03 de maio de 2022. avaliou os prefeitos de todas as cidades da regi\u00e3o da AMSULPAR (Associa\u00e7\u00e3o do Munic\u00edpios do Sul do Paran\u00e1). De acordo com o Instituto foi inclu\u00eddo entre os munic\u00edpios da AMSULPAR a [&hellip;]<\/p>\n","protected":false},"author":2,"featured_media":0,"comment_status":"open","ping_status":"open","sticky":false,"template":"","format":"standard","meta":{"footnotes":""},"categories":[2],"tags":[172],"class_list":["post-7290","post","type-post","status-publish","format-standard","hentry","category-policial","tag-featured"],"amp_enabled":true,"_links":{"self":[{"href":"https:\/\/radiostudiow.com.br\/site\/wp-json\/wp\/v2\/posts\/7290","targetHints":{"allow":["GET"]}}],"collection":[{"href":"https:\/\/radiostudiow.com.br\/site\/wp-json\/wp\/v2\/posts"}],"about":[{"href":"https:\/\/radiostudiow.com.br\/site\/wp-json\/wp\/v2\/types\/post"}],"author":[{"embeddable":true,"href":"https:\/\/radiostudiow.com.br\/site\/wp-json\/wp\/v2\/users\/2"}],"replies":[{"embeddable":true,"href":"https:\/\/radiostudiow.com.br\/site\/wp-json\/wp\/v2\/comments?post=7290"}],"version-history":[{"count":2,"href":"https:\/\/radiostudiow.com.br\/site\/wp-json\/wp\/v2\/posts\/7290\/revisions"}],"predecessor-version":[{"id":7294,"href":"https:\/\/radiostudiow.com.br\/site\/wp-json\/wp\/v2\/posts\/7290\/revisions\/7294"}],"wp:attachment":[{"href":"https:\/\/radiostudiow.com.br\/site\/wp-json\/wp\/v2\/media?parent=7290"}],"wp:term":[{"taxonomy":"category","embeddable":true,"href":"https:\/\/radiostudiow.com.br\/site\/wp-json\/wp\/v2\/categories?post=7290"},{"taxonomy":"post_tag","embeddable":true,"href":"https:\/\/radiostudiow.com.br\/site\/wp-json\/wp\/v2\/tags?post=7290"}],"curies":[{"name":"wp","href":"https:\/\/api.w.org\/{rel}","templated":true}]}}