{"id":7299,"date":"2022-05-10T17:07:37","date_gmt":"2022-05-10T20:07:37","guid":{"rendered":"https:\/\/radiostudiow.com.br\/site\/?p=7299"},"modified":"2025-01-31T15:10:09","modified_gmt":"2025-01-31T18:10:09","slug":"acidente-com-motociclista-na-esquina-das-ruas-vicente-machado-com-a-joao-gualberto-em-mallet","status":"publish","type":"post","link":"https:\/\/radiostudiow.com.br\/site\/2022\/05\/10\/acidente-com-motociclista-na-esquina-das-ruas-vicente-machado-com-a-joao-gualberto-em-mallet\/","title":{"rendered":"ACIDENTE COM MOTOCICLISTA  NA ESQUINA DAS RUAS VICENTE MACHADO COM A JO\u00c3O GUALBERTO EM MALLET"},"content":{"rendered":"\n<figure class=\"wp-block-image size-large\"><img decoding=\"async\" src=\"https:\/\/radiostudiow.com.br\/site\/wp-content\/uploads\/2022\/05\/190504470_2926345644306594_6827123088034551019_n-1024x386.jpg\" alt=\"\" class=\"wp-image-7234\"\/><\/figure>\n\n\n\n<p>Pol\u00edcia Militar e Corpo de Bombeiros Comunit\u00e1rios de Mallet atendem um acidente de tr\u00e2nsito envolvendo um motociclista por volta das 13:20 horas dessa segunda-feira (09).<\/p>\n\n\n\n<p>De imediato as equipes se deslocaram at\u00e9 o local, a v\u00edtima havia sido encaminhada ao Hospital de Caridade S\u00e3o Pedro e a motocicleta marca Honda, modelo CG 150, havia sido retirada do local.<\/p>\n\n\n\n<p>Os policiais se deslocado at\u00e9 o hospital, e em contato com o m\u00e9dico sobre o quadro cl\u00ednico da v\u00edtima, respondeu que foi realizado encaminhamento para o Hospital Santa Casa da cidade de Irati, para realiza\u00e7\u00e3o de exames e diagn\u00f3stico.<\/p>\n\n\n\n<p>Em conversa com familiares, passaram a relatar que pr\u00f3ximo ao local, uma empresa efetuaria a troca de um poste, quando um fio da rede el\u00e9trica se soltou e acabou enroscando na v\u00edtima, causando a queda.<\/p>\n\n\n\n<p>No local do acidente os policiais entraram em contato com o respons\u00e1vel da empresa, o qual confirmou o ocorrido.<\/p>\n\n\n\n<p>Diante da situa\u00e7\u00e3o o respons\u00e1vel foi orientado a sinalizar o local para evitar acidentes.<\/p>\n\n\n\n<figure class=\"wp-block-image size-full\"><img decoding=\"async\" src=\"https:\/\/radiostudiow.com.br\/site\/wp-content\/uploads\/2022\/03\/vem_ai.jpg\" alt=\"\" class=\"wp-image-6364\"\/><\/figure>\n","protected":false},"excerpt":{"rendered":"<p>Pol\u00edcia Militar e Corpo de Bombeiros Comunit\u00e1rios de Mallet atendem um acidente de tr\u00e2nsito envolvendo um motociclista por volta das 13:20 horas dessa segunda-feira (09). De imediato as equipes se deslocaram at\u00e9 o local, a v\u00edtima havia sido encaminhada ao Hospital de Caridade S\u00e3o Pedro e a motocicleta marca Honda, modelo CG 150, havia sido [&hellip;]<\/p>\n","protected":false},"author":2,"featured_media":6898,"comment_status":"open","ping_status":"open","sticky":false,"template":"","format":"standard","meta":{"footnotes":""},"categories":[2],"tags":[172],"class_list":["post-7299","post","type-post","status-publish","format-standard","has-post-thumbnail","hentry","category-policial","tag-featured"],"amp_enabled":true,"_links":{"self":[{"href":"https:\/\/radiostudiow.com.br\/site\/wp-json\/wp\/v2\/posts\/7299","targetHints":{"allow":["GET"]}}],"collection":[{"href":"https:\/\/radiostudiow.com.br\/site\/wp-json\/wp\/v2\/posts"}],"about":[{"href":"https:\/\/radiostudiow.com.br\/site\/wp-json\/wp\/v2\/types\/post"}],"author":[{"embeddable":true,"href":"https:\/\/radiostudiow.com.br\/site\/wp-json\/wp\/v2\/users\/2"}],"replies":[{"embeddable":true,"href":"https:\/\/radiostudiow.com.br\/site\/wp-json\/wp\/v2\/comments?post=7299"}],"version-history":[{"count":2,"href":"https:\/\/radiostudiow.com.br\/site\/wp-json\/wp\/v2\/posts\/7299\/revisions"}],"predecessor-version":[{"id":7301,"href":"https:\/\/radiostudiow.com.br\/site\/wp-json\/wp\/v2\/posts\/7299\/revisions\/7301"}],"wp:featuredmedia":[{"embeddable":true,"href":"https:\/\/radiostudiow.com.br\/site\/wp-json\/wp\/v2\/media\/6898"}],"wp:attachment":[{"href":"https:\/\/radiostudiow.com.br\/site\/wp-json\/wp\/v2\/media?parent=7299"}],"wp:term":[{"taxonomy":"category","embeddable":true,"href":"https:\/\/radiostudiow.com.br\/site\/wp-json\/wp\/v2\/categories?post=7299"},{"taxonomy":"post_tag","embeddable":true,"href":"https:\/\/radiostudiow.com.br\/site\/wp-json\/wp\/v2\/tags?post=7299"}],"curies":[{"name":"wp","href":"https:\/\/api.w.org\/{rel}","templated":true}]}}