{"id":7309,"date":"2022-05-11T17:37:08","date_gmt":"2022-05-11T20:37:08","guid":{"rendered":"https:\/\/radiostudiow.com.br\/site\/?p=7309"},"modified":"2025-01-31T15:10:09","modified_gmt":"2025-01-31T18:10:09","slug":"homem-e-agredido-com-chicote-e-uma-barra-de-ferro-em-paulo-frontin","status":"publish","type":"post","link":"https:\/\/radiostudiow.com.br\/site\/2022\/05\/11\/homem-e-agredido-com-chicote-e-uma-barra-de-ferro-em-paulo-frontin\/","title":{"rendered":"Homem \u00e9 agredido com chicote e uma barra de ferro em Paulo Frontin"},"content":{"rendered":"\n<figure class=\"wp-block-image size-full\"><img decoding=\"async\" src=\"https:\/\/radiostudiow.com.br\/site\/wp-content\/uploads\/2022\/04\/SEPAC.jpg\" alt=\"\" class=\"wp-image-7113\"\/><\/figure>\n\n\n\n<p>Um homem compareceu ao Pelot\u00e3o da Pol\u00edcia Militar de Paulo Frontin ap\u00f3s ser v\u00edtima de Les\u00e3o Corporal por volta das 21:00 horas dessa quarta &#8211; feira (10).<\/p>\n\n\n\n<p>A situa\u00e7\u00e3o ocorreu em um bar na localidade de Vera Guaran\u00ed quando dois indiv\u00edduos agrediram a v\u00edtima usando um chicote e uma barra de ferro, resultando em les\u00f5es leves. Os autores n\u00e3o foram mais localizados. <\/p>\n\n\n\n<p>Diante dos fatos a equipe policial orientou a v\u00edtima quanto aos procedimentos legais.<\/p>\n\n\n\n<figure class=\"wp-block-image size-full\"><img decoding=\"async\" src=\"https:\/\/radiostudiow.com.br\/site\/wp-content\/uploads\/2022\/03\/240387432_2992083691066122_4820772207429196742_n.jpg\" alt=\"\" class=\"wp-image-6405\"\/><\/figure>\n","protected":false},"excerpt":{"rendered":"<p>Um homem compareceu ao Pelot\u00e3o da Pol\u00edcia Militar de Paulo Frontin ap\u00f3s ser v\u00edtima de Les\u00e3o Corporal por volta das 21:00 horas dessa quarta &#8211; feira (10). A situa\u00e7\u00e3o ocorreu em um bar na localidade de Vera Guaran\u00ed quando dois indiv\u00edduos agrediram a v\u00edtima usando um chicote e uma barra de ferro, resultando em les\u00f5es [&hellip;]<\/p>\n","protected":false},"author":2,"featured_media":6882,"comment_status":"open","ping_status":"open","sticky":false,"template":"","format":"standard","meta":{"footnotes":""},"categories":[2],"tags":[172],"class_list":["post-7309","post","type-post","status-publish","format-standard","has-post-thumbnail","hentry","category-policial","tag-featured"],"amp_enabled":true,"_links":{"self":[{"href":"https:\/\/radiostudiow.com.br\/site\/wp-json\/wp\/v2\/posts\/7309","targetHints":{"allow":["GET"]}}],"collection":[{"href":"https:\/\/radiostudiow.com.br\/site\/wp-json\/wp\/v2\/posts"}],"about":[{"href":"https:\/\/radiostudiow.com.br\/site\/wp-json\/wp\/v2\/types\/post"}],"author":[{"embeddable":true,"href":"https:\/\/radiostudiow.com.br\/site\/wp-json\/wp\/v2\/users\/2"}],"replies":[{"embeddable":true,"href":"https:\/\/radiostudiow.com.br\/site\/wp-json\/wp\/v2\/comments?post=7309"}],"version-history":[{"count":1,"href":"https:\/\/radiostudiow.com.br\/site\/wp-json\/wp\/v2\/posts\/7309\/revisions"}],"predecessor-version":[{"id":7310,"href":"https:\/\/radiostudiow.com.br\/site\/wp-json\/wp\/v2\/posts\/7309\/revisions\/7310"}],"wp:featuredmedia":[{"embeddable":true,"href":"https:\/\/radiostudiow.com.br\/site\/wp-json\/wp\/v2\/media\/6882"}],"wp:attachment":[{"href":"https:\/\/radiostudiow.com.br\/site\/wp-json\/wp\/v2\/media?parent=7309"}],"wp:term":[{"taxonomy":"category","embeddable":true,"href":"https:\/\/radiostudiow.com.br\/site\/wp-json\/wp\/v2\/categories?post=7309"},{"taxonomy":"post_tag","embeddable":true,"href":"https:\/\/radiostudiow.com.br\/site\/wp-json\/wp\/v2\/tags?post=7309"}],"curies":[{"name":"wp","href":"https:\/\/api.w.org\/{rel}","templated":true}]}}