{"id":7321,"date":"2022-05-12T11:55:28","date_gmt":"2022-05-12T14:55:28","guid":{"rendered":"https:\/\/radiostudiow.com.br\/site\/?p=7321"},"modified":"2025-01-31T15:10:09","modified_gmt":"2025-01-31T18:10:09","slug":"acusado-de-matar-bebe-em-treze-tilias-e-indiciado-por-homicidio-duplamente-qualificado","status":"publish","type":"post","link":"https:\/\/radiostudiow.com.br\/site\/2022\/05\/12\/acusado-de-matar-bebe-em-treze-tilias-e-indiciado-por-homicidio-duplamente-qualificado\/","title":{"rendered":"Acusado de matar beb\u00ea em Treze T\u00edlias \u00e9 indiciado por homic\u00eddio duplamente qualificado"},"content":{"rendered":"\n<p>O delegado Marcelo Marins, respons\u00e1vel pelo inqu\u00e9rito envolvendo o\u00a0<a href=\"https:\/\/radiostudiow.com.br\/site\/2022\/04\/27\/menina-de-apenas-dois-anos-e-brutalmente-assassinada-em-treze-tilias-padrasto-e-suspeito-do-crime\/\" data-type=\"URL\" data-id=\"https:\/\/radiostudiow.com.br\/site\/2022\/04\/27\/menina-de-apenas-dois-anos-e-brutalmente-assassinada-em-treze-tilias-padrasto-e-suspeito-do-crime\/\">assassinato de uma crian\u00e7a de apenas dois anos em Treze T\u00edlias<\/a>, no Oeste de Santa Catarina, fez nessa semana novos encaminhamentos ao Judici\u00e1rio de Joa\u00e7aba, ap\u00f3s o Minist\u00e9rio P\u00fablico pedir algumas dilig\u00eancias complementares no caso.<\/p>\n\n\n\n<figure class=\"wp-block-image size-full\"><img decoding=\"async\" src=\"https:\/\/radiostudiow.com.br\/site\/wp-content\/uploads\/2022\/03\/vem_ai.jpg\" alt=\"\" class=\"wp-image-6364\"\/><\/figure>\n\n\n\n<p>O autor do crime continua recolhido no Pres\u00eddio Regional em Joa\u00e7aba aguardando os desdobramentos do processo.<\/p>\n\n\n\n<p>A Pol\u00edcia Civil encaminhou inqu\u00e9rito, indiciando o autor do crime b\u00e1rbaro por homic\u00eddio qualificado por motivo f\u00fatil e recurso que impossibilitou a defesa da v\u00edtima de apenas dois anos de idade. O crime ocorreu no final do m\u00eas passado quando o corpo da menina foi encontrado pela m\u00e3e no apartamento onde ela morava.<\/p>\n\n\n\n<p>No dia seguinte ao crime, o autor ligou para a Pol\u00edcia Militar e com medo de ser linchado acabou se entregando. Na Delegacia de Pol\u00edcia, ele teria confessado o crime. Disse que cometeu o homic\u00eddio por vingan\u00e7a e n\u00e3o concordar com o fim do relacionamento com a m\u00e3e da menina.<\/p>\n\n\n\n<p>Nas \u00faltimas horas, policiais civis de Joa\u00e7aba realizaram novas dilig\u00eancias para subsidiar a den\u00fancia que dever ser feita pelo Minist\u00e9rio P\u00fablico de Joa\u00e7aba. A den\u00fancia dever\u00e1 ser protocolada nos pr\u00f3ximos dias, provavelmente, tendo como base todo o trabalho de levantamentos realizado pela Pol\u00edcia Civil e tamb\u00e9m com laudos do Instituto Geral de Per\u00edcias.<\/p>\n\n\n\n<p>A menina foi assassinada depois de ser golpeada no pesco\u00e7o, possivelmente com uma faca. A m\u00e3e ao chegar em casa precisou arrombar a porta para ter acesso. Quando entrou no im\u00f3vel, encontrou o corpo da menina. Ela chegou a ser levado ao Hospital em Joa\u00e7aba, mas n\u00e3o apresentava mais os sinais vitais.<\/p>\n\n\n\n<figure class=\"wp-block-image size-full\"><img decoding=\"async\" src=\"https:\/\/radiostudiow.com.br\/site\/wp-content\/uploads\/2022\/04\/4ce583bf-b28d-4b4a-b576-2c1c75f97421-2.jpg\" alt=\"\" class=\"wp-image-7183\"\/><\/figure>\n\n\n\n<figure class=\"wp-block-image size-full\"><img decoding=\"async\" src=\"https:\/\/radiostudiow.com.br\/site\/wp-content\/uploads\/2022\/04\/AFUBRE-IRATI.jpg\" alt=\"\" class=\"wp-image-7116\"\/><\/figure>\n","protected":false},"excerpt":{"rendered":"<p>O delegado Marcelo Marins, respons\u00e1vel pelo inqu\u00e9rito envolvendo o\u00a0assassinato de uma crian\u00e7a de apenas dois anos em Treze T\u00edlias, no Oeste de Santa Catarina, fez nessa semana novos encaminhamentos ao Judici\u00e1rio de Joa\u00e7aba, ap\u00f3s o Minist\u00e9rio P\u00fablico pedir algumas dilig\u00eancias complementares no caso. O autor do crime continua recolhido no Pres\u00eddio Regional em Joa\u00e7aba aguardando [&hellip;]<\/p>\n","protected":false},"author":2,"featured_media":0,"comment_status":"open","ping_status":"open","sticky":false,"template":"","format":"standard","meta":{"footnotes":""},"categories":[2],"tags":[172],"class_list":["post-7321","post","type-post","status-publish","format-standard","hentry","category-policial","tag-featured"],"amp_enabled":true,"_links":{"self":[{"href":"https:\/\/radiostudiow.com.br\/site\/wp-json\/wp\/v2\/posts\/7321","targetHints":{"allow":["GET"]}}],"collection":[{"href":"https:\/\/radiostudiow.com.br\/site\/wp-json\/wp\/v2\/posts"}],"about":[{"href":"https:\/\/radiostudiow.com.br\/site\/wp-json\/wp\/v2\/types\/post"}],"author":[{"embeddable":true,"href":"https:\/\/radiostudiow.com.br\/site\/wp-json\/wp\/v2\/users\/2"}],"replies":[{"embeddable":true,"href":"https:\/\/radiostudiow.com.br\/site\/wp-json\/wp\/v2\/comments?post=7321"}],"version-history":[{"count":1,"href":"https:\/\/radiostudiow.com.br\/site\/wp-json\/wp\/v2\/posts\/7321\/revisions"}],"predecessor-version":[{"id":7323,"href":"https:\/\/radiostudiow.com.br\/site\/wp-json\/wp\/v2\/posts\/7321\/revisions\/7323"}],"wp:attachment":[{"href":"https:\/\/radiostudiow.com.br\/site\/wp-json\/wp\/v2\/media?parent=7321"}],"wp:term":[{"taxonomy":"category","embeddable":true,"href":"https:\/\/radiostudiow.com.br\/site\/wp-json\/wp\/v2\/categories?post=7321"},{"taxonomy":"post_tag","embeddable":true,"href":"https:\/\/radiostudiow.com.br\/site\/wp-json\/wp\/v2\/tags?post=7321"}],"curies":[{"name":"wp","href":"https:\/\/api.w.org\/{rel}","templated":true}]}}