{"id":7327,"date":"2022-05-13T11:38:52","date_gmt":"2022-05-13T14:38:52","guid":{"rendered":"https:\/\/radiostudiow.com.br\/site\/?p=7327"},"modified":"2025-01-31T15:10:09","modified_gmt":"2025-01-31T18:10:09","slug":"adolescente-e-agredido-com-cabo-de-machado-em-paulo-frontin","status":"publish","type":"post","link":"https:\/\/radiostudiow.com.br\/site\/2022\/05\/13\/adolescente-e-agredido-com-cabo-de-machado-em-paulo-frontin\/","title":{"rendered":"Adolescente \u00e9 agredido com cabo de machado em Paulo Frontin"},"content":{"rendered":"\n<figure class=\"wp-block-image size-full is-resized\"><img loading=\"lazy\" decoding=\"async\" src=\"https:\/\/radiostudiow.com.br\/site\/wp-content\/uploads\/2022\/05\/NUTRI-MALLET.jpg\" alt=\"\" class=\"wp-image-7282\" width=\"740\" height=\"168\"\/><\/figure>\n\n\n\n<p>Uma mulher compareceu ao Pelot\u00e3o da Pol\u00edcia Militar de Paulo Frontin ap\u00f3s ocorrer uma situa\u00e7\u00e3o de les\u00e3o corporal por volta das 10:30 horas dessa quinta \u2013 feira (12).<\/p>\n\n\n\n<p>A mulher relatou para a equipe policial que seu filho menor foi agredido com um cabo de machado por um indiv\u00edduo lhe causando les\u00f5es na cabe\u00e7a e um corte no dedo de sua m\u00e3o direita.<\/p>\n\n\n\n<p>Diante da situa\u00e7\u00e3o a equipe policial orientou a solicitante quanto aos procedimentos a serem adotados, pois a mulher tinha conhecimento de quem seria o autor das agress\u00f5es.<\/p>\n\n\n\n<figure class=\"wp-block-image size-full\"><img decoding=\"async\" src=\"https:\/\/radiostudiow.com.br\/site\/wp-content\/uploads\/2022\/05\/WRNET.jpg\" alt=\"\" class=\"wp-image-7328\"\/><\/figure>\n","protected":false},"excerpt":{"rendered":"<p>Uma mulher compareceu ao Pelot\u00e3o da Pol\u00edcia Militar de Paulo Frontin ap\u00f3s ocorrer uma situa\u00e7\u00e3o de les\u00e3o corporal por volta das 10:30 horas dessa quinta \u2013 feira (12). A mulher relatou para a equipe policial que seu filho menor foi agredido com um cabo de machado por um indiv\u00edduo lhe causando les\u00f5es na cabe\u00e7a e [&hellip;]<\/p>\n","protected":false},"author":2,"featured_media":0,"comment_status":"open","ping_status":"open","sticky":false,"template":"","format":"standard","meta":{"footnotes":""},"categories":[2],"tags":[172],"class_list":["post-7327","post","type-post","status-publish","format-standard","hentry","category-policial","tag-featured"],"amp_enabled":true,"_links":{"self":[{"href":"https:\/\/radiostudiow.com.br\/site\/wp-json\/wp\/v2\/posts\/7327","targetHints":{"allow":["GET"]}}],"collection":[{"href":"https:\/\/radiostudiow.com.br\/site\/wp-json\/wp\/v2\/posts"}],"about":[{"href":"https:\/\/radiostudiow.com.br\/site\/wp-json\/wp\/v2\/types\/post"}],"author":[{"embeddable":true,"href":"https:\/\/radiostudiow.com.br\/site\/wp-json\/wp\/v2\/users\/2"}],"replies":[{"embeddable":true,"href":"https:\/\/radiostudiow.com.br\/site\/wp-json\/wp\/v2\/comments?post=7327"}],"version-history":[{"count":1,"href":"https:\/\/radiostudiow.com.br\/site\/wp-json\/wp\/v2\/posts\/7327\/revisions"}],"predecessor-version":[{"id":7329,"href":"https:\/\/radiostudiow.com.br\/site\/wp-json\/wp\/v2\/posts\/7327\/revisions\/7329"}],"wp:attachment":[{"href":"https:\/\/radiostudiow.com.br\/site\/wp-json\/wp\/v2\/media?parent=7327"}],"wp:term":[{"taxonomy":"category","embeddable":true,"href":"https:\/\/radiostudiow.com.br\/site\/wp-json\/wp\/v2\/categories?post=7327"},{"taxonomy":"post_tag","embeddable":true,"href":"https:\/\/radiostudiow.com.br\/site\/wp-json\/wp\/v2\/tags?post=7327"}],"curies":[{"name":"wp","href":"https:\/\/api.w.org\/{rel}","templated":true}]}}