{"id":7332,"date":"2022-05-13T16:12:08","date_gmt":"2022-05-13T19:12:08","guid":{"rendered":"https:\/\/radiostudiow.com.br\/site\/?p=7332"},"modified":"2025-01-31T15:10:09","modified_gmt":"2025-01-31T18:10:09","slug":"idoso-e-agredido-por-homem-conhecido-em-mallet","status":"publish","type":"post","link":"https:\/\/radiostudiow.com.br\/site\/2022\/05\/13\/idoso-e-agredido-por-homem-conhecido-em-mallet\/","title":{"rendered":"Idoso com defici\u00eancia f\u00edsica \u00e9 agredido no interior de Mallet"},"content":{"rendered":"\n<figure class=\"wp-block-image size-full\"><img decoding=\"async\" src=\"https:\/\/radiostudiow.com.br\/site\/wp-content\/uploads\/2022\/05\/NUTRI-MALLET.jpg\" alt=\"\" class=\"wp-image-7282\"\/><\/figure>\n\n\n\n<p>A equipe da Pol\u00edcia Militar de Mallet recebeu uma informa\u00e7\u00e3o que um deficiente f\u00edsico foi agredido por um indiv\u00edduo na localidade da Col\u00f4nia Duas por volta das 20:00 horas dessa quinta \u2013 feira (12).<\/p>\n\n\n\n<p>De acordo com a solicita\u00e7\u00e3o, o agressor estaria em uma motocicleta de cor vermelha e sem camisa.<\/p>\n\n\n\n<p>A equipe policial se deslocou at\u00e9 o local e entrou em contato com a v\u00edtima de 67 anos, o qual passou a relatar que no momento em que chegou em sua casa se deparou com um indiv\u00edduo, o qual \u00e9 conhecido e estava no p\u00e1tio da propriedade.<\/p>\n\n\n\n<p>No momento em que seus c\u00e3es se aproximaram do agressor, ele passou a chutar os animais e em seguida partiu pra cima do idoso. Das agress\u00f5es resultou em um hematoma em seu pesco\u00e7o e escoria\u00e7\u00f5es em sua m\u00e3o e no bra\u00e7o esquerdo.<\/p>\n\n\n\n<p>A v\u00edtima ainda relata que o agressor tomou sua muleta de apoio jogando-a na mata onde a mesma ficou danificada. O autor saiu na sequ\u00eancia tomando rumo ignorado.<\/p>\n\n\n\n<p>A equipe policial se deslocou at\u00e9 a resid\u00eancia do acusado, realizou patrulhamento onde n\u00e3o foi localizado o autor das agress\u00f5es. V\u00edtima foi orientada quando aos procedimentos cab\u00edveis.<\/p>\n\n\n\n<figure class=\"wp-block-image size-full\"><img decoding=\"async\" src=\"https:\/\/radiostudiow.com.br\/site\/wp-content\/uploads\/2022\/04\/HF-MALLET.jpg\" alt=\"\" class=\"wp-image-7103\"\/><\/figure>\n","protected":false},"excerpt":{"rendered":"<p>A equipe da Pol\u00edcia Militar de Mallet recebeu uma informa\u00e7\u00e3o que um deficiente f\u00edsico foi agredido por um indiv\u00edduo na localidade da Col\u00f4nia Duas por volta das 20:00 horas dessa quinta \u2013 feira (12). De acordo com a solicita\u00e7\u00e3o, o agressor estaria em uma motocicleta de cor vermelha e sem camisa. A equipe policial se [&hellip;]<\/p>\n","protected":false},"author":2,"featured_media":7335,"comment_status":"open","ping_status":"open","sticky":false,"template":"","format":"standard","meta":{"footnotes":""},"categories":[2],"tags":[172],"class_list":["post-7332","post","type-post","status-publish","format-standard","has-post-thumbnail","hentry","category-policial","tag-featured"],"amp_enabled":true,"_links":{"self":[{"href":"https:\/\/radiostudiow.com.br\/site\/wp-json\/wp\/v2\/posts\/7332","targetHints":{"allow":["GET"]}}],"collection":[{"href":"https:\/\/radiostudiow.com.br\/site\/wp-json\/wp\/v2\/posts"}],"about":[{"href":"https:\/\/radiostudiow.com.br\/site\/wp-json\/wp\/v2\/types\/post"}],"author":[{"embeddable":true,"href":"https:\/\/radiostudiow.com.br\/site\/wp-json\/wp\/v2\/users\/2"}],"replies":[{"embeddable":true,"href":"https:\/\/radiostudiow.com.br\/site\/wp-json\/wp\/v2\/comments?post=7332"}],"version-history":[{"count":6,"href":"https:\/\/radiostudiow.com.br\/site\/wp-json\/wp\/v2\/posts\/7332\/revisions"}],"predecessor-version":[{"id":7344,"href":"https:\/\/radiostudiow.com.br\/site\/wp-json\/wp\/v2\/posts\/7332\/revisions\/7344"}],"wp:featuredmedia":[{"embeddable":true,"href":"https:\/\/radiostudiow.com.br\/site\/wp-json\/wp\/v2\/media\/7335"}],"wp:attachment":[{"href":"https:\/\/radiostudiow.com.br\/site\/wp-json\/wp\/v2\/media?parent=7332"}],"wp:term":[{"taxonomy":"category","embeddable":true,"href":"https:\/\/radiostudiow.com.br\/site\/wp-json\/wp\/v2\/categories?post=7332"},{"taxonomy":"post_tag","embeddable":true,"href":"https:\/\/radiostudiow.com.br\/site\/wp-json\/wp\/v2\/tags?post=7332"}],"curies":[{"name":"wp","href":"https:\/\/api.w.org\/{rel}","templated":true}]}}