{"id":7345,"date":"2022-05-14T10:39:14","date_gmt":"2022-05-14T13:39:14","guid":{"rendered":"https:\/\/radiostudiow.com.br\/site\/?p=7345"},"modified":"2025-01-31T15:10:09","modified_gmt":"2025-01-31T18:10:09","slug":"homem-armado-com-espingarda-ameaca-mae-em-paula-freitas","status":"publish","type":"post","link":"https:\/\/radiostudiow.com.br\/site\/2022\/05\/14\/homem-armado-com-espingarda-ameaca-mae-em-paula-freitas\/","title":{"rendered":"Homem armado com espingarda amea\u00e7a m\u00e3e em Paula Freitas"},"content":{"rendered":"\n<figure class=\"wp-block-image size-full\"><img decoding=\"async\" src=\"https:\/\/radiostudiow.com.br\/site\/wp-content\/uploads\/2022\/04\/HF-MALLET.jpg\" alt=\"\" class=\"wp-image-7103\"\/><\/figure>\n\n\n\n<p>A equipe da Pol\u00edcia Militar de Paula Freitas foi acionada para atendimento de ocorr\u00eancia de amea\u00e7a na Col\u00f4nia Santa Luzia por volta das 19:00 horas dessa sexta &#8211; feira (13). <\/p>\n\n\n\n<p>De acordo com a solicita\u00e7\u00e3o, um homem em vis\u00edvel estado de embriaguez amea\u00e7ava sua m\u00e3e dizendo que pegaria sua espingarda e atiraria contra ela.<\/p>\n\n\n\n<p>J\u00e1 no local, a equipe policial entrou em contato com a m\u00e3e do suspeito, a qual indicou onde estaria a espingarda.<\/p>\n\n\n\n<p>Diante dos fatos e para preservar a integridade da v\u00edtima a arma foi apreendida e dado voz de pris\u00e3o ao autor, o qual foi conduzido at\u00e9 a 4\u00aaSDP para procedimentos.<\/p>\n\n\n\n<figure class=\"wp-block-image size-full\"><img decoding=\"async\" src=\"https:\/\/radiostudiow.com.br\/site\/wp-content\/uploads\/2022\/04\/SEPAC.jpg\" alt=\"\" class=\"wp-image-7113\"\/><\/figure>\n","protected":false},"excerpt":{"rendered":"<p>A equipe da Pol\u00edcia Militar de Paula Freitas foi acionada para atendimento de ocorr\u00eancia de amea\u00e7a na Col\u00f4nia Santa Luzia por volta das 19:00 horas dessa sexta &#8211; feira (13). De acordo com a solicita\u00e7\u00e3o, um homem em vis\u00edvel estado de embriaguez amea\u00e7ava sua m\u00e3e dizendo que pegaria sua espingarda e atiraria contra ela. J\u00e1 [&hellip;]<\/p>\n","protected":false},"author":2,"featured_media":6780,"comment_status":"open","ping_status":"open","sticky":false,"template":"","format":"standard","meta":{"footnotes":""},"categories":[2],"tags":[172],"class_list":["post-7345","post","type-post","status-publish","format-standard","has-post-thumbnail","hentry","category-policial","tag-featured"],"amp_enabled":true,"_links":{"self":[{"href":"https:\/\/radiostudiow.com.br\/site\/wp-json\/wp\/v2\/posts\/7345","targetHints":{"allow":["GET"]}}],"collection":[{"href":"https:\/\/radiostudiow.com.br\/site\/wp-json\/wp\/v2\/posts"}],"about":[{"href":"https:\/\/radiostudiow.com.br\/site\/wp-json\/wp\/v2\/types\/post"}],"author":[{"embeddable":true,"href":"https:\/\/radiostudiow.com.br\/site\/wp-json\/wp\/v2\/users\/2"}],"replies":[{"embeddable":true,"href":"https:\/\/radiostudiow.com.br\/site\/wp-json\/wp\/v2\/comments?post=7345"}],"version-history":[{"count":2,"href":"https:\/\/radiostudiow.com.br\/site\/wp-json\/wp\/v2\/posts\/7345\/revisions"}],"predecessor-version":[{"id":7347,"href":"https:\/\/radiostudiow.com.br\/site\/wp-json\/wp\/v2\/posts\/7345\/revisions\/7347"}],"wp:featuredmedia":[{"embeddable":true,"href":"https:\/\/radiostudiow.com.br\/site\/wp-json\/wp\/v2\/media\/6780"}],"wp:attachment":[{"href":"https:\/\/radiostudiow.com.br\/site\/wp-json\/wp\/v2\/media?parent=7345"}],"wp:term":[{"taxonomy":"category","embeddable":true,"href":"https:\/\/radiostudiow.com.br\/site\/wp-json\/wp\/v2\/categories?post=7345"},{"taxonomy":"post_tag","embeddable":true,"href":"https:\/\/radiostudiow.com.br\/site\/wp-json\/wp\/v2\/tags?post=7345"}],"curies":[{"name":"wp","href":"https:\/\/api.w.org\/{rel}","templated":true}]}}