{"id":7363,"date":"2022-05-16T09:52:02","date_gmt":"2022-05-16T12:52:02","guid":{"rendered":"https:\/\/radiostudiow.com.br\/site\/?p=7363"},"modified":"2025-01-31T15:10:08","modified_gmt":"2025-01-31T18:10:08","slug":"veiculo-roubado-em-sao-mateus-do-sul-e-recuperado-pela-pm-em-antonio-olinto","status":"publish","type":"post","link":"https:\/\/radiostudiow.com.br\/site\/2022\/05\/16\/veiculo-roubado-em-sao-mateus-do-sul-e-recuperado-pela-pm-em-antonio-olinto\/","title":{"rendered":"Ve\u00edculo roubado em S\u00e3o Mateus do Sul \u00e9 recuperado pela PM em Ant\u00f4nio Olinto"},"content":{"rendered":"\n<figure class=\"wp-block-image size-full\"><img decoding=\"async\" src=\"https:\/\/radiostudiow.com.br\/site\/wp-content\/uploads\/2022\/05\/NUTRI-MALLET.jpg\" alt=\"\" class=\"wp-image-7282\"\/><\/figure>\n\n\n\n<p>A Pol\u00edcia Militar de Ant\u00f4nio Olinto, recuperou um ve\u00edculo\u00a0que havia sido roubado em um assalto quinta-feira, 12 de maio, em S\u00e3o Mateus do Sul.<\/p>\n\n\n\n<p>A situa\u00e7\u00e3o ocorreu por volta das 08:20 horas deste domingo, 15 de maio, quando os policiais receberam informa\u00e7\u00e3o de que havia um carro abandonado na localidade de \u00c1gua Amarela de Baixo. Ao consultar a placa, foi constatado que o ve\u00edculo havia sido roubado na localidade de Rio das Pedras, em S\u00e3o Mateus do Sul.<\/p>\n\n\n\n<p>O autom\u00f3vel foi guinchado e levado \u00e0 Delegacia de Pol\u00edcia Civil para procedimentos de libera\u00e7\u00e3o ao propriet\u00e1rio.<\/p>\n\n\n\n<figure class=\"wp-block-image size-full\"><img decoding=\"async\" src=\"https:\/\/radiostudiow.com.br\/site\/wp-content\/uploads\/2022\/05\/vem_ai.jpg\" alt=\"\" class=\"wp-image-7348\"\/><\/figure>\n","protected":false},"excerpt":{"rendered":"<p>A Pol\u00edcia Militar de Ant\u00f4nio Olinto, recuperou um ve\u00edculo\u00a0que havia sido roubado em um assalto quinta-feira, 12 de maio, em S\u00e3o Mateus do Sul. A situa\u00e7\u00e3o ocorreu por volta das 08:20 horas deste domingo, 15 de maio, quando os policiais receberam informa\u00e7\u00e3o de que havia um carro abandonado na localidade de \u00c1gua Amarela de Baixo. [&hellip;]<\/p>\n","protected":false},"author":2,"featured_media":0,"comment_status":"open","ping_status":"open","sticky":false,"template":"","format":"standard","meta":{"footnotes":""},"categories":[2],"tags":[172],"class_list":["post-7363","post","type-post","status-publish","format-standard","hentry","category-policial","tag-featured"],"amp_enabled":true,"_links":{"self":[{"href":"https:\/\/radiostudiow.com.br\/site\/wp-json\/wp\/v2\/posts\/7363","targetHints":{"allow":["GET"]}}],"collection":[{"href":"https:\/\/radiostudiow.com.br\/site\/wp-json\/wp\/v2\/posts"}],"about":[{"href":"https:\/\/radiostudiow.com.br\/site\/wp-json\/wp\/v2\/types\/post"}],"author":[{"embeddable":true,"href":"https:\/\/radiostudiow.com.br\/site\/wp-json\/wp\/v2\/users\/2"}],"replies":[{"embeddable":true,"href":"https:\/\/radiostudiow.com.br\/site\/wp-json\/wp\/v2\/comments?post=7363"}],"version-history":[{"count":1,"href":"https:\/\/radiostudiow.com.br\/site\/wp-json\/wp\/v2\/posts\/7363\/revisions"}],"predecessor-version":[{"id":7365,"href":"https:\/\/radiostudiow.com.br\/site\/wp-json\/wp\/v2\/posts\/7363\/revisions\/7365"}],"wp:attachment":[{"href":"https:\/\/radiostudiow.com.br\/site\/wp-json\/wp\/v2\/media?parent=7363"}],"wp:term":[{"taxonomy":"category","embeddable":true,"href":"https:\/\/radiostudiow.com.br\/site\/wp-json\/wp\/v2\/categories?post=7363"},{"taxonomy":"post_tag","embeddable":true,"href":"https:\/\/radiostudiow.com.br\/site\/wp-json\/wp\/v2\/tags?post=7363"}],"curies":[{"name":"wp","href":"https:\/\/api.w.org\/{rel}","templated":true}]}}