{"id":7369,"date":"2022-05-16T11:54:40","date_gmt":"2022-05-16T14:54:40","guid":{"rendered":"https:\/\/radiostudiow.com.br\/site\/?p=7369"},"modified":"2025-01-31T15:10:08","modified_gmt":"2025-01-31T18:10:08","slug":"morador-de-paulo-frontin-e-esfaqueado-ao-tentar-separar-briga","status":"publish","type":"post","link":"https:\/\/radiostudiow.com.br\/site\/2022\/05\/16\/morador-de-paulo-frontin-e-esfaqueado-ao-tentar-separar-briga\/","title":{"rendered":"Morador de Paulo Frontin \u00e9 esfaqueado ao tentar separar briga"},"content":{"rendered":"\n<figure class=\"wp-block-image size-large\"><img decoding=\"async\" src=\"https:\/\/radiostudiow.com.br\/site\/wp-content\/uploads\/2022\/05\/190504470_2926345644306594_6827123088034551019_n-1024x386.jpg\" alt=\"\" class=\"wp-image-7234\"\/><\/figure>\n\n\n\n<p>A equipe da Pol\u00edcia Militar<strong> <\/strong>de Paulo Frontin foi acionada pela enfermeira de plant\u00e3o do hospital municipal, ap\u00f3s um homem dar entrada para atendimento m\u00e9dico com um ferimento causado por arma branca.<\/p>\n\n\n\n<p>Os policiais entraram em contato com a v\u00edtima, o qual relatou que estava separando uma briga entre seu primo com a esposa e foi esfaqueado pelas costas. A situa\u00e7\u00e3o ocorreu na localidade Barreiros por volta das 23:00 horas deste s\u00e1bado (14).<\/p>\n\n\n\n<p>Ele afirma que saiu correndo do local e um conhecido o encontrou e o levou para hospital.<\/p>\n\n\n\n<p>Diante das informa\u00e7\u00f5es a equipe policial se deslocou at\u00e9 o local onde aconteceram os fatos e conduziu a autora da les\u00e3o para a 4\u00aa SDP para provid\u00eancias.<\/p>\n\n\n\n<figure class=\"wp-block-image size-full\"><img decoding=\"async\" src=\"https:\/\/radiostudiow.com.br\/site\/wp-content\/uploads\/2022\/04\/SEPAC.jpg\" alt=\"\" class=\"wp-image-7113\"\/><\/figure>\n","protected":false},"excerpt":{"rendered":"<p>A equipe da Pol\u00edcia Militar de Paulo Frontin foi acionada pela enfermeira de plant\u00e3o do hospital municipal, ap\u00f3s um homem dar entrada para atendimento m\u00e9dico com um ferimento causado por arma branca. Os policiais entraram em contato com a v\u00edtima, o qual relatou que estava separando uma briga entre seu primo com a esposa e [&hellip;]<\/p>\n","protected":false},"author":2,"featured_media":0,"comment_status":"open","ping_status":"open","sticky":false,"template":"","format":"standard","meta":{"footnotes":""},"categories":[2],"tags":[172],"class_list":["post-7369","post","type-post","status-publish","format-standard","hentry","category-policial","tag-featured"],"amp_enabled":true,"_links":{"self":[{"href":"https:\/\/radiostudiow.com.br\/site\/wp-json\/wp\/v2\/posts\/7369","targetHints":{"allow":["GET"]}}],"collection":[{"href":"https:\/\/radiostudiow.com.br\/site\/wp-json\/wp\/v2\/posts"}],"about":[{"href":"https:\/\/radiostudiow.com.br\/site\/wp-json\/wp\/v2\/types\/post"}],"author":[{"embeddable":true,"href":"https:\/\/radiostudiow.com.br\/site\/wp-json\/wp\/v2\/users\/2"}],"replies":[{"embeddable":true,"href":"https:\/\/radiostudiow.com.br\/site\/wp-json\/wp\/v2\/comments?post=7369"}],"version-history":[{"count":1,"href":"https:\/\/radiostudiow.com.br\/site\/wp-json\/wp\/v2\/posts\/7369\/revisions"}],"predecessor-version":[{"id":7370,"href":"https:\/\/radiostudiow.com.br\/site\/wp-json\/wp\/v2\/posts\/7369\/revisions\/7370"}],"wp:attachment":[{"href":"https:\/\/radiostudiow.com.br\/site\/wp-json\/wp\/v2\/media?parent=7369"}],"wp:term":[{"taxonomy":"category","embeddable":true,"href":"https:\/\/radiostudiow.com.br\/site\/wp-json\/wp\/v2\/categories?post=7369"},{"taxonomy":"post_tag","embeddable":true,"href":"https:\/\/radiostudiow.com.br\/site\/wp-json\/wp\/v2\/tags?post=7369"}],"curies":[{"name":"wp","href":"https:\/\/api.w.org\/{rel}","templated":true}]}}