{"id":7373,"date":"2022-05-17T15:46:31","date_gmt":"2022-05-17T18:46:31","guid":{"rendered":"https:\/\/radiostudiow.com.br\/site\/?p=7373"},"modified":"2025-01-31T15:10:08","modified_gmt":"2025-01-31T18:10:08","slug":"caminhao-e-furtado-em-general-carneiro-e-criminosos-pedem-r-15-mil-reais-para-devolucao","status":"publish","type":"post","link":"https:\/\/radiostudiow.com.br\/site\/2022\/05\/17\/caminhao-e-furtado-em-general-carneiro-e-criminosos-pedem-r-15-mil-reais-para-devolucao\/","title":{"rendered":"Caminh\u00e3o \u00e9 furtado em General Carneiro e criminosos pedem R$ 15 mil reais para devolu\u00e7\u00e3o"},"content":{"rendered":"\n<figure class=\"wp-block-image size-full\"><img decoding=\"async\" src=\"https:\/\/radiostudiow.com.br\/site\/wp-content\/uploads\/2022\/05\/vem_ai.jpg\" alt=\"\" class=\"wp-image-7348\"\/><\/figure>\n\n\n\n<p>Um motorista teve seu caminh\u00e3o furtado na cidade de General Carneiro durante o fim de semana, sendo que os criminosos pediram R$ 15 mil reais para devolver o ve\u00edculo. A situa\u00e7\u00e3o foi registrada pela Pol\u00edcia.<\/p>\n\n\n\n<p>De acordo com informa\u00e7\u00f5es, o motorista deixou o caminh\u00e3o Ford\/Cargo de cor branca estacionado na parte externa de um posto de combust\u00edvel ainda na sexta-feira, dia 13, retornando para buscar o caminh\u00e3o nessa segunda-feira, dia 16, quando percebeu o furto.<\/p>\n\n\n\n<p>Conforme a v\u00edtima, pouco depois os criminosos entraram em contato solicitante a quantia em dinheiro. A Pol\u00edcia registrou o boletim de ocorr\u00eancias e gerou o alerto de furto, al\u00e9m de repassar orienta\u00e7\u00f5es para a v\u00edtima.<\/p>\n\n\n\n<figure class=\"wp-block-image size-full\"><img decoding=\"async\" src=\"https:\/\/radiostudiow.com.br\/site\/wp-content\/uploads\/2022\/05\/NUTRI-MALLET.jpg\" alt=\"\" class=\"wp-image-7282\"\/><\/figure>\n","protected":false},"excerpt":{"rendered":"<p>Um motorista teve seu caminh\u00e3o furtado na cidade de General Carneiro durante o fim de semana, sendo que os criminosos pediram R$ 15 mil reais para devolver o ve\u00edculo. A situa\u00e7\u00e3o foi registrada pela Pol\u00edcia. De acordo com informa\u00e7\u00f5es, o motorista deixou o caminh\u00e3o Ford\/Cargo de cor branca estacionado na parte externa de um posto [&hellip;]<\/p>\n","protected":false},"author":2,"featured_media":0,"comment_status":"open","ping_status":"open","sticky":false,"template":"","format":"standard","meta":{"footnotes":""},"categories":[2],"tags":[172],"class_list":["post-7373","post","type-post","status-publish","format-standard","hentry","category-policial","tag-featured"],"amp_enabled":true,"_links":{"self":[{"href":"https:\/\/radiostudiow.com.br\/site\/wp-json\/wp\/v2\/posts\/7373","targetHints":{"allow":["GET"]}}],"collection":[{"href":"https:\/\/radiostudiow.com.br\/site\/wp-json\/wp\/v2\/posts"}],"about":[{"href":"https:\/\/radiostudiow.com.br\/site\/wp-json\/wp\/v2\/types\/post"}],"author":[{"embeddable":true,"href":"https:\/\/radiostudiow.com.br\/site\/wp-json\/wp\/v2\/users\/2"}],"replies":[{"embeddable":true,"href":"https:\/\/radiostudiow.com.br\/site\/wp-json\/wp\/v2\/comments?post=7373"}],"version-history":[{"count":1,"href":"https:\/\/radiostudiow.com.br\/site\/wp-json\/wp\/v2\/posts\/7373\/revisions"}],"predecessor-version":[{"id":7374,"href":"https:\/\/radiostudiow.com.br\/site\/wp-json\/wp\/v2\/posts\/7373\/revisions\/7374"}],"wp:attachment":[{"href":"https:\/\/radiostudiow.com.br\/site\/wp-json\/wp\/v2\/media?parent=7373"}],"wp:term":[{"taxonomy":"category","embeddable":true,"href":"https:\/\/radiostudiow.com.br\/site\/wp-json\/wp\/v2\/categories?post=7373"},{"taxonomy":"post_tag","embeddable":true,"href":"https:\/\/radiostudiow.com.br\/site\/wp-json\/wp\/v2\/tags?post=7373"}],"curies":[{"name":"wp","href":"https:\/\/api.w.org\/{rel}","templated":true}]}}