{"id":7375,"date":"2022-05-17T17:34:02","date_gmt":"2022-05-17T20:34:02","guid":{"rendered":"https:\/\/radiostudiow.com.br\/site\/?p=7375"},"modified":"2025-01-31T15:10:08","modified_gmt":"2025-01-31T18:10:08","slug":"iml-de-uniao-da-vitoria-e-acionado-para-recolher-corpo-de-homem-submerso-na-agua","status":"publish","type":"post","link":"https:\/\/radiostudiow.com.br\/site\/2022\/05\/17\/iml-de-uniao-da-vitoria-e-acionado-para-recolher-corpo-de-homem-submerso-na-agua\/","title":{"rendered":"IML de Uni\u00e3o da Vit\u00f3ria \u00e9 acionado para recolher corpo de homem submerso na \u00e1gua"},"content":{"rendered":"\n<figure class=\"wp-block-image size-full\"><img decoding=\"async\" src=\"https:\/\/radiostudiow.com.br\/site\/wp-content\/uploads\/2022\/04\/SEPAC.jpg\" alt=\"\" class=\"wp-image-7113\"\/><\/figure>\n\n\n\n<p>O Instituto M\u00e9dico Legal \u2013 IML de Uni\u00e3o da Vit\u00f3ria foi acionado na noite dessa segunda-feira, 16 de maio, por volta das 22 horas para recolher do corpo de um homem de 47 anos que foi encontrado morto.<\/p>\n\n\n\n<p>O corpo foi encontrado por populares embaixo de uma passarela, estando submerso dentro da \u00e1gua, na cidade de Paulo Frontin. A Pol\u00edcia identificou a v\u00edtima pelas iniciais \u201cS. F. R.\u201d<\/p>\n\n\n\n<p>Ainda de acordo com informa\u00e7\u00f5es, na casa da v\u00edtima n\u00e3o haviam sinais de arrombamento. Populares tamb\u00e9m relataram que o mesmo fazia uso de bebida alco\u00f3lica e o \u00faltimo contato com o mesmo teria sido na sexta-feira (13).<\/p>\n\n\n\n<figure class=\"wp-block-image size-full\"><img decoding=\"async\" src=\"https:\/\/radiostudiow.com.br\/site\/wp-content\/uploads\/2022\/04\/HF-MALLET.jpg\" alt=\"\" class=\"wp-image-7103\"\/><\/figure>\n","protected":false},"excerpt":{"rendered":"<p>O Instituto M\u00e9dico Legal \u2013 IML de Uni\u00e3o da Vit\u00f3ria foi acionado na noite dessa segunda-feira, 16 de maio, por volta das 22 horas para recolher do corpo de um homem de 47 anos que foi encontrado morto. O corpo foi encontrado por populares embaixo de uma passarela, estando submerso dentro da \u00e1gua, na cidade [&hellip;]<\/p>\n","protected":false},"author":2,"featured_media":0,"comment_status":"open","ping_status":"open","sticky":false,"template":"","format":"standard","meta":{"footnotes":""},"categories":[2],"tags":[172],"class_list":["post-7375","post","type-post","status-publish","format-standard","hentry","category-policial","tag-featured"],"amp_enabled":true,"_links":{"self":[{"href":"https:\/\/radiostudiow.com.br\/site\/wp-json\/wp\/v2\/posts\/7375","targetHints":{"allow":["GET"]}}],"collection":[{"href":"https:\/\/radiostudiow.com.br\/site\/wp-json\/wp\/v2\/posts"}],"about":[{"href":"https:\/\/radiostudiow.com.br\/site\/wp-json\/wp\/v2\/types\/post"}],"author":[{"embeddable":true,"href":"https:\/\/radiostudiow.com.br\/site\/wp-json\/wp\/v2\/users\/2"}],"replies":[{"embeddable":true,"href":"https:\/\/radiostudiow.com.br\/site\/wp-json\/wp\/v2\/comments?post=7375"}],"version-history":[{"count":2,"href":"https:\/\/radiostudiow.com.br\/site\/wp-json\/wp\/v2\/posts\/7375\/revisions"}],"predecessor-version":[{"id":7383,"href":"https:\/\/radiostudiow.com.br\/site\/wp-json\/wp\/v2\/posts\/7375\/revisions\/7383"}],"wp:attachment":[{"href":"https:\/\/radiostudiow.com.br\/site\/wp-json\/wp\/v2\/media?parent=7375"}],"wp:term":[{"taxonomy":"category","embeddable":true,"href":"https:\/\/radiostudiow.com.br\/site\/wp-json\/wp\/v2\/categories?post=7375"},{"taxonomy":"post_tag","embeddable":true,"href":"https:\/\/radiostudiow.com.br\/site\/wp-json\/wp\/v2\/tags?post=7375"}],"curies":[{"name":"wp","href":"https:\/\/api.w.org\/{rel}","templated":true}]}}