{"id":7377,"date":"2022-05-17T16:25:56","date_gmt":"2022-05-17T19:25:56","guid":{"rendered":"https:\/\/radiostudiow.com.br\/site\/?p=7377"},"modified":"2025-01-31T15:10:08","modified_gmt":"2025-01-31T18:10:08","slug":"jovem-de-28-anos-e-encontrado-morto-dentro-de-residencia-em-sao-joao-do-triunfo","status":"publish","type":"post","link":"https:\/\/radiostudiow.com.br\/site\/2022\/05\/17\/jovem-de-28-anos-e-encontrado-morto-dentro-de-residencia-em-sao-joao-do-triunfo\/","title":{"rendered":"Jovem de 28 anos \u00e9 encontrado morto dentro de resid\u00eancia em S\u00e3o Jo\u00e3o do Triunfo"},"content":{"rendered":"\n<p>Edione Lima Stacoviaki, 28 anos, morador da regi\u00e3o da Baixada, em S\u00e3o Jo\u00e3o do Triunfo, foi encontrado morto dentro da resid\u00eancia na manh\u00e3 desta segunda-feira (16).<\/p>\n\n\n\n<p>A Pol\u00edcia Militar, Civil e Instituto M\u00e9dico Legal foram acionados para atendimento a ocorr\u00eancia. O corpo do jovem estava dentro do banheiro e h\u00e1 suspeita de que ele tenha acometido contra a pr\u00f3pria vida.<\/p>\n\n\n\n<p>Pol\u00edcia investigar\u00e1 o caso.<\/p>\n\n\n\n<figure class=\"wp-block-image size-large\"><img decoding=\"async\" src=\"https:\/\/radiostudiow.com.br\/site\/wp-content\/uploads\/2022\/05\/190504470_2926345644306594_6827123088034551019_n-1024x386.jpg\" alt=\"\" class=\"wp-image-7234\"\/><\/figure>\n","protected":false},"excerpt":{"rendered":"<p>Edione Lima Stacoviaki, 28 anos, morador da regi\u00e3o da Baixada, em S\u00e3o Jo\u00e3o do Triunfo, foi encontrado morto dentro da resid\u00eancia na manh\u00e3 desta segunda-feira (16). A Pol\u00edcia Militar, Civil e Instituto M\u00e9dico Legal foram acionados para atendimento a ocorr\u00eancia. O corpo do jovem estava dentro do banheiro e h\u00e1 suspeita de que ele tenha [&hellip;]<\/p>\n","protected":false},"author":2,"featured_media":0,"comment_status":"open","ping_status":"open","sticky":false,"template":"","format":"standard","meta":{"footnotes":""},"categories":[2],"tags":[172],"class_list":["post-7377","post","type-post","status-publish","format-standard","hentry","category-policial","tag-featured"],"amp_enabled":true,"_links":{"self":[{"href":"https:\/\/radiostudiow.com.br\/site\/wp-json\/wp\/v2\/posts\/7377","targetHints":{"allow":["GET"]}}],"collection":[{"href":"https:\/\/radiostudiow.com.br\/site\/wp-json\/wp\/v2\/posts"}],"about":[{"href":"https:\/\/radiostudiow.com.br\/site\/wp-json\/wp\/v2\/types\/post"}],"author":[{"embeddable":true,"href":"https:\/\/radiostudiow.com.br\/site\/wp-json\/wp\/v2\/users\/2"}],"replies":[{"embeddable":true,"href":"https:\/\/radiostudiow.com.br\/site\/wp-json\/wp\/v2\/comments?post=7377"}],"version-history":[{"count":2,"href":"https:\/\/radiostudiow.com.br\/site\/wp-json\/wp\/v2\/posts\/7377\/revisions"}],"predecessor-version":[{"id":7380,"href":"https:\/\/radiostudiow.com.br\/site\/wp-json\/wp\/v2\/posts\/7377\/revisions\/7380"}],"wp:attachment":[{"href":"https:\/\/radiostudiow.com.br\/site\/wp-json\/wp\/v2\/media?parent=7377"}],"wp:term":[{"taxonomy":"category","embeddable":true,"href":"https:\/\/radiostudiow.com.br\/site\/wp-json\/wp\/v2\/categories?post=7377"},{"taxonomy":"post_tag","embeddable":true,"href":"https:\/\/radiostudiow.com.br\/site\/wp-json\/wp\/v2\/tags?post=7377"}],"curies":[{"name":"wp","href":"https:\/\/api.w.org\/{rel}","templated":true}]}}