{"id":7384,"date":"2022-05-17T18:08:34","date_gmt":"2022-05-17T21:08:34","guid":{"rendered":"https:\/\/radiostudiow.com.br\/site\/?p=7384"},"modified":"2025-01-31T15:10:08","modified_gmt":"2025-01-31T18:10:08","slug":"tvs-sao-furtadas-de-residencia-em-paula-freitas","status":"publish","type":"post","link":"https:\/\/radiostudiow.com.br\/site\/2022\/05\/17\/tvs-sao-furtadas-de-residencia-em-paula-freitas\/","title":{"rendered":"Tvs s\u00e3o furtadas de resid\u00eancia em Paula Freitas"},"content":{"rendered":"\n<figure class=\"wp-block-image size-full\"><img decoding=\"async\" src=\"https:\/\/radiostudiow.com.br\/site\/wp-content\/uploads\/2022\/04\/AFUBRE-IRATI.jpg\" alt=\"\" class=\"wp-image-7116\"\/><\/figure>\n\n\n\n<p>Um homem compareceu ao Pelot\u00e3o da Pol\u00edcia Militar de Paula Freitas por volta das 09:14 horas dessa segunda-feira, 16 de maio, relatando uma situa\u00e7\u00e3o de furto.<\/p>\n\n\n\n<p>O solicitante afirmou que no s\u00e1bado, dia 14 de maio, ao retornar para casa por volta das 20 horas percebeu que haviam arrombado uma janela da sua resid\u00eancia e subtra\u00edram duas televis\u00f5es da marca Lg e Samsung e um roteador de internet.<\/p>\n\n\n\n<p>Diante da situa\u00e7\u00e3o a v\u00edtima foi orientada quanto aos procedimentos cab\u00edveis.<\/p>\n\n\n\n<figure class=\"wp-block-image size-full\"><img decoding=\"async\" src=\"https:\/\/radiostudiow.com.br\/site\/wp-content\/uploads\/2022\/04\/WRNET.jpg\" alt=\"\" class=\"wp-image-7082\"\/><\/figure>\n","protected":false},"excerpt":{"rendered":"<p>Um homem compareceu ao Pelot\u00e3o da Pol\u00edcia Militar de Paula Freitas por volta das 09:14 horas dessa segunda-feira, 16 de maio, relatando uma situa\u00e7\u00e3o de furto. O solicitante afirmou que no s\u00e1bado, dia 14 de maio, ao retornar para casa por volta das 20 horas percebeu que haviam arrombado uma janela da sua resid\u00eancia e [&hellip;]<\/p>\n","protected":false},"author":2,"featured_media":6889,"comment_status":"open","ping_status":"open","sticky":false,"template":"","format":"standard","meta":{"footnotes":""},"categories":[2],"tags":[172],"class_list":["post-7384","post","type-post","status-publish","format-standard","has-post-thumbnail","hentry","category-policial","tag-featured"],"amp_enabled":true,"_links":{"self":[{"href":"https:\/\/radiostudiow.com.br\/site\/wp-json\/wp\/v2\/posts\/7384","targetHints":{"allow":["GET"]}}],"collection":[{"href":"https:\/\/radiostudiow.com.br\/site\/wp-json\/wp\/v2\/posts"}],"about":[{"href":"https:\/\/radiostudiow.com.br\/site\/wp-json\/wp\/v2\/types\/post"}],"author":[{"embeddable":true,"href":"https:\/\/radiostudiow.com.br\/site\/wp-json\/wp\/v2\/users\/2"}],"replies":[{"embeddable":true,"href":"https:\/\/radiostudiow.com.br\/site\/wp-json\/wp\/v2\/comments?post=7384"}],"version-history":[{"count":1,"href":"https:\/\/radiostudiow.com.br\/site\/wp-json\/wp\/v2\/posts\/7384\/revisions"}],"predecessor-version":[{"id":7385,"href":"https:\/\/radiostudiow.com.br\/site\/wp-json\/wp\/v2\/posts\/7384\/revisions\/7385"}],"wp:featuredmedia":[{"embeddable":true,"href":"https:\/\/radiostudiow.com.br\/site\/wp-json\/wp\/v2\/media\/6889"}],"wp:attachment":[{"href":"https:\/\/radiostudiow.com.br\/site\/wp-json\/wp\/v2\/media?parent=7384"}],"wp:term":[{"taxonomy":"category","embeddable":true,"href":"https:\/\/radiostudiow.com.br\/site\/wp-json\/wp\/v2\/categories?post=7384"},{"taxonomy":"post_tag","embeddable":true,"href":"https:\/\/radiostudiow.com.br\/site\/wp-json\/wp\/v2\/tags?post=7384"}],"curies":[{"name":"wp","href":"https:\/\/api.w.org\/{rel}","templated":true}]}}