{"id":7387,"date":"2022-05-18T11:40:16","date_gmt":"2022-05-18T14:40:16","guid":{"rendered":"https:\/\/radiostudiow.com.br\/site\/?p=7387"},"modified":"2025-01-31T15:10:08","modified_gmt":"2025-01-31T18:10:08","slug":"caminhao-carregado-com-porcos-tomba-proximo-ao-trevo-de-mallet","status":"publish","type":"post","link":"https:\/\/radiostudiow.com.br\/site\/2022\/05\/18\/caminhao-carregado-com-porcos-tomba-proximo-ao-trevo-de-mallet\/","title":{"rendered":"CAMINH\u00c3O CARREGADO COM PORCOS TOMBA PR\u00d3XIMO AO TREVO DE MALLET"},"content":{"rendered":"\n<figure class=\"wp-block-image size-full\"><img decoding=\"async\" src=\"https:\/\/radiostudiow.com.br\/site\/wp-content\/uploads\/2022\/05\/NUTRI-MALLET.jpg\" alt=\"\" class=\"wp-image-7282\"\/><\/figure>\n\n\n\n<p>No in\u00edcio da madrugada desta quarta-feira(18), um caminh\u00e3o carregado com porcos, acabou tombando na BR 153 pr\u00f3ximo ao trevo de acesso ao munic\u00edpio de Mallet.<\/p>\n\n\n\n<p>De acordo com informa\u00e7\u00f5es, somente danos materiais e como a carga \u00e9 viva, alguns animais acabaram morrendo com o impacto e outros ficaram circulando pr\u00f3ximo a rodovia.<\/p>\n\n\n\n<p>Em contato com os Bombeiros Comunit\u00e1rios n\u00e3o houve nenhum registro de chamado de socorro para atendimento ao condutor.<\/p>\n\n\n\n<p>A Pol\u00edcia Militar somente esteve no local orientando e ap\u00f3s ativou a PRF (Pol\u00edcia Rodovi\u00e1ria Federal) para as devidas provid\u00eancias.<\/p>\n\n\n\n<figure class=\"wp-block-image size-full\"><img decoding=\"async\" src=\"https:\/\/radiostudiow.com.br\/site\/wp-content\/uploads\/2022\/05\/vem_ai.jpg\" alt=\"\" class=\"wp-image-7348\"\/><\/figure>\n\n\n\n<figure class=\"wp-block-gallery has-nested-images columns-default is-cropped wp-block-gallery-1 is-layout-flex wp-block-gallery-is-layout-flex\">\n<figure class=\"wp-block-image size-large\"><img loading=\"lazy\" decoding=\"async\" width=\"576\" height=\"1024\" data-id=\"7390\" src=\"https:\/\/radiostudiow.com.br\/site\/wp-content\/uploads\/2022\/05\/a7615daf-b6e0-4858-9e54-6d37f2cc8d13-576x1024.jpg\" alt=\"\" class=\"wp-image-7390\" srcset=\"https:\/\/radiostudiow.com.br\/site\/wp-content\/uploads\/2022\/05\/a7615daf-b6e0-4858-9e54-6d37f2cc8d13-576x1024.jpg 576w, https:\/\/radiostudiow.com.br\/site\/wp-content\/uploads\/2022\/05\/a7615daf-b6e0-4858-9e54-6d37f2cc8d13-169x300.jpg 169w, https:\/\/radiostudiow.com.br\/site\/wp-content\/uploads\/2022\/05\/a7615daf-b6e0-4858-9e54-6d37f2cc8d13-768x1365.jpg 768w, https:\/\/radiostudiow.com.br\/site\/wp-content\/uploads\/2022\/05\/a7615daf-b6e0-4858-9e54-6d37f2cc8d13-864x1536.jpg 864w, https:\/\/radiostudiow.com.br\/site\/wp-content\/uploads\/2022\/05\/a7615daf-b6e0-4858-9e54-6d37f2cc8d13.jpg 900w\" sizes=\"auto, (max-width: 576px) 100vw, 576px\" \/><\/figure>\n\n\n\n<figure class=\"wp-block-image size-large\"><img decoding=\"async\" data-id=\"7391\" src=\"https:\/\/radiostudiow.com.br\/site\/wp-content\/uploads\/2022\/05\/aeba09a9-0f5c-47b0-ba8c-a4a7d84e3630.jpg\" alt=\"\" class=\"wp-image-7391\"\/><\/figure>\n<\/figure>\n\n\n\n<figure class=\"wp-block-image size-large\"><img decoding=\"async\" src=\"https:\/\/radiostudiow.com.br\/site\/wp-content\/uploads\/2022\/05\/2347ce46-ab4b-471f-b753-80e0c5adf8aa-1024x765.jpg\" alt=\"\" class=\"wp-image-7389\"\/><\/figure>\n\n\n\n<figure class=\"wp-block-image size-large\"><img decoding=\"async\" src=\"https:\/\/radiostudiow.com.br\/site\/wp-content\/uploads\/2022\/05\/190504470_2926345644306594_6827123088034551019_n-1024x386.jpg\" alt=\"\" class=\"wp-image-7234\"\/><\/figure>\n","protected":false},"excerpt":{"rendered":"<p>No in\u00edcio da madrugada desta quarta-feira(18), um caminh\u00e3o carregado com porcos, acabou tombando na BR 153 pr\u00f3ximo ao trevo de acesso ao munic\u00edpio de Mallet. De acordo com informa\u00e7\u00f5es, somente danos materiais e como a carga \u00e9 viva, alguns animais acabaram morrendo com o impacto e outros ficaram circulando pr\u00f3ximo a rodovia. Em contato com [&hellip;]<\/p>\n","protected":false},"author":2,"featured_media":0,"comment_status":"open","ping_status":"open","sticky":false,"template":"","format":"standard","meta":{"footnotes":""},"categories":[2],"tags":[172],"class_list":["post-7387","post","type-post","status-publish","format-standard","hentry","category-policial","tag-featured"],"amp_enabled":true,"_links":{"self":[{"href":"https:\/\/radiostudiow.com.br\/site\/wp-json\/wp\/v2\/posts\/7387","targetHints":{"allow":["GET"]}}],"collection":[{"href":"https:\/\/radiostudiow.com.br\/site\/wp-json\/wp\/v2\/posts"}],"about":[{"href":"https:\/\/radiostudiow.com.br\/site\/wp-json\/wp\/v2\/types\/post"}],"author":[{"embeddable":true,"href":"https:\/\/radiostudiow.com.br\/site\/wp-json\/wp\/v2\/users\/2"}],"replies":[{"embeddable":true,"href":"https:\/\/radiostudiow.com.br\/site\/wp-json\/wp\/v2\/comments?post=7387"}],"version-history":[{"count":2,"href":"https:\/\/radiostudiow.com.br\/site\/wp-json\/wp\/v2\/posts\/7387\/revisions"}],"predecessor-version":[{"id":7393,"href":"https:\/\/radiostudiow.com.br\/site\/wp-json\/wp\/v2\/posts\/7387\/revisions\/7393"}],"wp:attachment":[{"href":"https:\/\/radiostudiow.com.br\/site\/wp-json\/wp\/v2\/media?parent=7387"}],"wp:term":[{"taxonomy":"category","embeddable":true,"href":"https:\/\/radiostudiow.com.br\/site\/wp-json\/wp\/v2\/categories?post=7387"},{"taxonomy":"post_tag","embeddable":true,"href":"https:\/\/radiostudiow.com.br\/site\/wp-json\/wp\/v2\/tags?post=7387"}],"curies":[{"name":"wp","href":"https:\/\/api.w.org\/{rel}","templated":true}]}}