{"id":7394,"date":"2022-05-18T15:29:17","date_gmt":"2022-05-18T18:29:17","guid":{"rendered":"https:\/\/radiostudiow.com.br\/site\/?p=7394"},"modified":"2025-01-31T15:10:08","modified_gmt":"2025-01-31T18:10:08","slug":"em-um-ano-conselho-tutelar-registrou-16-situacoes-de-abusos-sexuais-e-atos-libidinosos-em-sao-mateus-do-sul","status":"publish","type":"post","link":"https:\/\/radiostudiow.com.br\/site\/2022\/05\/18\/em-um-ano-conselho-tutelar-registrou-16-situacoes-de-abusos-sexuais-e-atos-libidinosos-em-sao-mateus-do-sul\/","title":{"rendered":"Em um ano Conselho Tutelar registrou 16 situa\u00e7\u00f5es de abusos sexuais e atos libidinosos em S\u00e3o Mateus do Sul"},"content":{"rendered":"\n<figure class=\"wp-block-image size-full\"><img decoding=\"async\" src=\"https:\/\/radiostudiow.com.br\/site\/wp-content\/uploads\/2022\/04\/HF-MALLET.jpg\" alt=\"\" class=\"wp-image-7103\"\/><\/figure>\n\n\n\n<p>Dia 18 de maio \u00e9 marcado pelo<strong>\u00a0Dia\u00a0Nacional de\u00a0Combate ao Abuso\u00a0e \u00e0 Explora\u00e7\u00e3o\u00a0Sexual\u00a0de\u00a0Crian\u00e7as\u00a0e Adolescentes<\/strong>. O objetivo da mobiliza\u00e7\u00e3o \u00e9 convocar toda sociedade brasileira para o compromisso de proteger as crian\u00e7as e adolescentes. A ideia \u00e9 realizar atividades de mobiliza\u00e7\u00e3o da sociedade com foco na preven\u00e7\u00e3o e meios de buscar ajuda.<\/p>\n\n\n\n<p>Engana-se quem pensa que a realidade de abusos sexuais e atos libidinosos \u00e9 uma realidade em grandes centros urbanos. Em apenas um ano (levantamento de maio de 2021 \u00e0 abril de 2022), o Conselho Tutelar de S\u00e3o Mateus do Sul registrou 16 casos envolvendo a suspeita e confirma\u00e7\u00e3o de abusos sexuais e pr\u00e1tica de atos libidinosos \u00e0 menores de idade. Os casos foram registrados na \u00e1rea urbana e rural, e est\u00e3o sendo investigados pelos \u00f3rg\u00e3os competentes.<\/p>\n\n\n\n<p>O Conselho Tutelar informa que o aumento dos relatos de abusos comprovados e supostos abusos tiveram um aumento significativo com a volta \u00e0s aulas.<\/p>\n\n\n\n<figure class=\"wp-block-image size-full\"><img loading=\"lazy\" decoding=\"async\" width=\"1024\" height=\"510\" src=\"https:\/\/radiostudiow.com.br\/site\/wp-content\/uploads\/2022\/05\/Sem-titulo-1.jpg\" alt=\"\" class=\"wp-image-7395\" srcset=\"https:\/\/radiostudiow.com.br\/site\/wp-content\/uploads\/2022\/05\/Sem-titulo-1.jpg 1024w, https:\/\/radiostudiow.com.br\/site\/wp-content\/uploads\/2022\/05\/Sem-titulo-1-300x149.jpg 300w, https:\/\/radiostudiow.com.br\/site\/wp-content\/uploads\/2022\/05\/Sem-titulo-1-768x383.jpg 768w\" sizes=\"auto, (max-width: 1024px) 100vw, 1024px\" \/><\/figure>\n\n\n\n<p>Confira o levantamento feito pelo Conselho Tutelar. O que chama aten\u00e7\u00e3o \u00e9 o n\u00famero de casos de abusos envolvendo vizinhos.<\/p>\n\n\n\n<ul class=\"wp-block-list\"><li><strong>Maio\/2021:\u00a0<\/strong>sem casos registrados.<\/li><li><strong>Junho:<\/strong>\u00a0sem casos registrados.<\/li><li><strong>Julho:<\/strong>\u00a01 menina abusada pelo av\u00f4 paterno.<\/li><li><strong>Agosto:<\/strong>\u00a01 menina abusada pelo tio.<\/li><li><strong>Setembro:\u00a0<\/strong>1 menino abusado pela av\u00f3 paterna, e 1 menina menor de idade e o namorado tamb\u00e9m menor de idade (que se configura a abuso de menor).<\/li><li><strong>Outubro:\u00a0<\/strong>1 menino abusado pelo tio.<\/li><li><strong>Novembro:<\/strong>\u00a03 meninas sendo 2 abusadas por vizinhos e 1 pelo padrasto, e 2 meninos abusados pelos vizinhos.<\/li><li><strong>Dezembro:\u00a0<\/strong>1 menino abusado pelo vizinho.<\/li><li><strong>Janeiro\/2022:\u00a0<\/strong>1 menina abusada pelo vizinho.<\/li><li><strong>Fevereiro<\/strong>: sem casos registrados.<\/li><li><strong>Mar\u00e7o<\/strong>: 1 menina abusada pelo pai.<\/li><li><strong>Abril:<\/strong>\u00a01 menina abusada pelo vizinho e 1 menino abusado pelo vizinho.<\/li><\/ul>\n\n\n\n<figure class=\"wp-block-image size-full\"><img decoding=\"async\" src=\"https:\/\/radiostudiow.com.br\/site\/wp-content\/uploads\/2022\/04\/AFUBRE-IRATI.jpg\" alt=\"\" class=\"wp-image-7116\"\/><\/figure>\n\n\n\n<p><strong>\u00c9 CRIME! As den\u00fancias dos casos de abuso sexual podem ser feitas no Conselho Tutelar de S\u00e3o Mateus do Sul, situado na Rua Jo\u00e3o Gabriel Martins, 391, ou por meio da Pol\u00edcia Militar via 190.<\/strong><br><strong><em>Reconhe\u00e7a o abuso sexual e comportamentos diferenciados dos seus filhos<\/em><\/strong><\/p>\n\n\n\n<ul class=\"wp-block-list\"><li>Mudan\u00e7as bruscas de comportamento sem explica\u00e7\u00e3o aparente.<\/li><li>Mudan\u00e7as s\u00fabitas de humor, comportamentos regressivos e\/ou agressivos, sonol\u00eancia excessiva, perda ou excesso de apetite.<\/li><li>Baixa autoestima, inseguran\u00e7a, comportamentos sexuais inadequados para a idade, busca de isolamento.<\/li><li>Les\u00f5es, hematomas e outros machucados sem uma explica\u00e7\u00e3o clara ou coerente de como aconteceram.<\/li><li>Gravidez na adolesc\u00eancia.<\/li><li>Doen\u00e7as sexualmente transmiss\u00edveis.<\/li><li>Fugas de casa e evas\u00e3o escolar.<\/li><li>Medo de adultos estranhos ou conhecidos, de escuro, de ficar sozinho e de ser deixado pr\u00f3ximo ao potencial agressor.<\/li><\/ul>\n\n\n\n<p><strong>Al\u00e9m disso, \u00e9 essencial considerar:<\/strong><\/p>\n\n\n\n<ul class=\"wp-block-list\"><li>A exist\u00eancia de um ou mais sinais nem sempre indica, com precis\u00e3o, que uma crian\u00e7a ou adolescente sofreu viol\u00eancia sexual. Cabe aos \u00f3rg\u00e3os encarregados da investiga\u00e7\u00e3o apurar se houve, de fato, ou n\u00e3o a agress\u00e3o.<\/li><li>A identifica\u00e7\u00e3o precoce da ocorr\u00eancia da viol\u00eancia \u00e9 fundamental para mudar a situa\u00e7\u00e3o e dar aten\u00e7\u00e3o \u00e0s pessoas envolvidas.<\/li><li>Esse \u00e9 um fen\u00f4meno presente em todas as classes sociais e composi\u00e7\u00f5es familiares, contrariando mitos de que a viol\u00eancia dom\u00e9stica e sexual ocorre apenas em fam\u00edlias pobres e que fogem do chamado formato padr\u00e3o de fam\u00edlia.<\/li><\/ul>\n\n\n\n<figure class=\"wp-block-image size-full\"><img decoding=\"async\" src=\"https:\/\/radiostudiow.com.br\/site\/wp-content\/uploads\/2022\/04\/SEPAC.jpg\" alt=\"\" class=\"wp-image-7113\"\/><\/figure>\n","protected":false},"excerpt":{"rendered":"<p>Dia 18 de maio \u00e9 marcado pelo\u00a0Dia\u00a0Nacional de\u00a0Combate ao Abuso\u00a0e \u00e0 Explora\u00e7\u00e3o\u00a0Sexual\u00a0de\u00a0Crian\u00e7as\u00a0e Adolescentes. O objetivo da mobiliza\u00e7\u00e3o \u00e9 convocar toda sociedade brasileira para o compromisso de proteger as crian\u00e7as e adolescentes. A ideia \u00e9 realizar atividades de mobiliza\u00e7\u00e3o da sociedade com foco na preven\u00e7\u00e3o e meios de buscar ajuda. Engana-se quem pensa que a realidade [&hellip;]<\/p>\n","protected":false},"author":2,"featured_media":0,"comment_status":"open","ping_status":"open","sticky":false,"template":"","format":"standard","meta":{"footnotes":""},"categories":[2],"tags":[172],"class_list":["post-7394","post","type-post","status-publish","format-standard","hentry","category-policial","tag-featured"],"amp_enabled":true,"_links":{"self":[{"href":"https:\/\/radiostudiow.com.br\/site\/wp-json\/wp\/v2\/posts\/7394","targetHints":{"allow":["GET"]}}],"collection":[{"href":"https:\/\/radiostudiow.com.br\/site\/wp-json\/wp\/v2\/posts"}],"about":[{"href":"https:\/\/radiostudiow.com.br\/site\/wp-json\/wp\/v2\/types\/post"}],"author":[{"embeddable":true,"href":"https:\/\/radiostudiow.com.br\/site\/wp-json\/wp\/v2\/users\/2"}],"replies":[{"embeddable":true,"href":"https:\/\/radiostudiow.com.br\/site\/wp-json\/wp\/v2\/comments?post=7394"}],"version-history":[{"count":1,"href":"https:\/\/radiostudiow.com.br\/site\/wp-json\/wp\/v2\/posts\/7394\/revisions"}],"predecessor-version":[{"id":7397,"href":"https:\/\/radiostudiow.com.br\/site\/wp-json\/wp\/v2\/posts\/7394\/revisions\/7397"}],"wp:attachment":[{"href":"https:\/\/radiostudiow.com.br\/site\/wp-json\/wp\/v2\/media?parent=7394"}],"wp:term":[{"taxonomy":"category","embeddable":true,"href":"https:\/\/radiostudiow.com.br\/site\/wp-json\/wp\/v2\/categories?post=7394"},{"taxonomy":"post_tag","embeddable":true,"href":"https:\/\/radiostudiow.com.br\/site\/wp-json\/wp\/v2\/tags?post=7394"}],"curies":[{"name":"wp","href":"https:\/\/api.w.org\/{rel}","templated":true}]}}