{"id":7401,"date":"2022-05-18T16:02:22","date_gmt":"2022-05-18T19:02:22","guid":{"rendered":"https:\/\/radiostudiow.com.br\/site\/?p=7401"},"modified":"2025-01-31T15:10:08","modified_gmt":"2025-01-31T18:10:08","slug":"vitima-de-acidente-na-pr-151-na-agua-branca-e-transferida-de-helicoptero","status":"publish","type":"post","link":"https:\/\/radiostudiow.com.br\/site\/2022\/05\/18\/vitima-de-acidente-na-pr-151-na-agua-branca-e-transferida-de-helicoptero\/","title":{"rendered":"V\u00edtima de acidente na PR-151, na \u00c1gua Branca, \u00e9 transferida de helic\u00f3ptero"},"content":{"rendered":"\n<figure class=\"wp-block-image size-full\"><img decoding=\"async\" src=\"https:\/\/radiostudiow.com.br\/site\/wp-content\/uploads\/2022\/04\/HF-MALLET.jpg\" alt=\"\" class=\"wp-image-7103\"\/><\/figure>\n\n\n\n<p>O motorista do ve\u00edculo Gol, que foi v\u00edtima de um grave acidente na PR-151 na tarde desta segunda-feira (16), foi transferido de helic\u00f3ptero Falc\u00e3o devido a gravidade do seu quadro de sa\u00fade. A transfer\u00eancia contou com o apoio do Samu de S\u00e3o Mateus do Sul.<\/p>\n\n\n\n<p>O homem de 30 anos sofreu diversos ferimentos na regi\u00e3o da cabe\u00e7a, com suspeita de Traumatismo Craniano Encef\u00e1lico.<\/p>\n\n\n\n<p><strong>Sobre o acidente<\/strong><\/p>\n\n\n\n<p>O Corpo de Bombeiros de S\u00e3o Mateus do Sul foi acionado na tarde desta segunda-feira (16), para atendimento a um grave acidente de tr\u00e2nsito do tipo colis\u00e3o entre um carro e um caminh\u00e3o na PR-151, km 422, regi\u00e3o da \u00c1gua Branca.<\/p>\n\n\n\n<p>Segundo informa\u00e7\u00f5es, no local o condutor do ve\u00edculo Gol, atendido pela equipe dos Bombeiros, apresentava diversos ferimentos e foi encaminhado em estado grave ao Pronto Atendimento de S\u00e3o Mateus do Sul, com ferimentos principalmente na regi\u00e3o da cabe\u00e7a. O condutor do caminh\u00e3o n\u00e3o sofreu ferimentos.<\/p>\n\n\n\n<p>De acordo com informa\u00e7\u00f5es do local, o motorista do caminh\u00e3o informou que um terceiro ve\u00edculo estava vindo na dire\u00e7\u00e3o do Gol. O motorista precisou desviar da ultrapassagem e acabou colidindo fora da pista e no caminh\u00e3o.<\/p>\n\n\n\n<p>PRE seguiu controlando o tr\u00e2nsito no local. A v\u00edtima \u00e9 de S\u00e3o Mateus do Sul.<\/p>\n\n\n\n<figure class=\"wp-block-image size-large\"><img decoding=\"async\" src=\"https:\/\/radiostudiow.com.br\/site\/wp-content\/uploads\/2022\/05\/190504470_2926345644306594_6827123088034551019_n-1024x386.jpg\" alt=\"\" class=\"wp-image-7234\"\/><\/figure>\n","protected":false},"excerpt":{"rendered":"<p>O motorista do ve\u00edculo Gol, que foi v\u00edtima de um grave acidente na PR-151 na tarde desta segunda-feira (16), foi transferido de helic\u00f3ptero Falc\u00e3o devido a gravidade do seu quadro de sa\u00fade. A transfer\u00eancia contou com o apoio do Samu de S\u00e3o Mateus do Sul. O homem de 30 anos sofreu diversos ferimentos na regi\u00e3o [&hellip;]<\/p>\n","protected":false},"author":2,"featured_media":0,"comment_status":"open","ping_status":"open","sticky":false,"template":"","format":"standard","meta":{"footnotes":""},"categories":[2],"tags":[172],"class_list":["post-7401","post","type-post","status-publish","format-standard","hentry","category-policial","tag-featured"],"amp_enabled":true,"_links":{"self":[{"href":"https:\/\/radiostudiow.com.br\/site\/wp-json\/wp\/v2\/posts\/7401","targetHints":{"allow":["GET"]}}],"collection":[{"href":"https:\/\/radiostudiow.com.br\/site\/wp-json\/wp\/v2\/posts"}],"about":[{"href":"https:\/\/radiostudiow.com.br\/site\/wp-json\/wp\/v2\/types\/post"}],"author":[{"embeddable":true,"href":"https:\/\/radiostudiow.com.br\/site\/wp-json\/wp\/v2\/users\/2"}],"replies":[{"embeddable":true,"href":"https:\/\/radiostudiow.com.br\/site\/wp-json\/wp\/v2\/comments?post=7401"}],"version-history":[{"count":1,"href":"https:\/\/radiostudiow.com.br\/site\/wp-json\/wp\/v2\/posts\/7401\/revisions"}],"predecessor-version":[{"id":7403,"href":"https:\/\/radiostudiow.com.br\/site\/wp-json\/wp\/v2\/posts\/7401\/revisions\/7403"}],"wp:attachment":[{"href":"https:\/\/radiostudiow.com.br\/site\/wp-json\/wp\/v2\/media?parent=7401"}],"wp:term":[{"taxonomy":"category","embeddable":true,"href":"https:\/\/radiostudiow.com.br\/site\/wp-json\/wp\/v2\/categories?post=7401"},{"taxonomy":"post_tag","embeddable":true,"href":"https:\/\/radiostudiow.com.br\/site\/wp-json\/wp\/v2\/tags?post=7401"}],"curies":[{"name":"wp","href":"https:\/\/api.w.org\/{rel}","templated":true}]}}