{"id":7405,"date":"2022-05-18T17:32:50","date_gmt":"2022-05-18T20:32:50","guid":{"rendered":"https:\/\/radiostudiow.com.br\/site\/?p=7405"},"modified":"2025-01-31T15:10:08","modified_gmt":"2025-01-31T18:10:08","slug":"incendio-destroi-casa-mista-em-irati","status":"publish","type":"post","link":"https:\/\/radiostudiow.com.br\/site\/2022\/05\/18\/incendio-destroi-casa-mista-em-irati\/","title":{"rendered":"Inc\u00eandio destr\u00f3i casa mista em Irati\ufffc"},"content":{"rendered":"\n<figure class=\"wp-block-image size-full\"><img decoding=\"async\" src=\"https:\/\/radiostudiow.com.br\/site\/wp-content\/uploads\/2022\/04\/SEPAC.jpg\" alt=\"\" class=\"wp-image-7113\"\/><\/figure>\n\n\n\n<p>O Corpo de Bombeiros de Irati atendeu uma situa\u00e7\u00e3o de inc\u00eandio em edifica\u00e7\u00e3o no in\u00edcio da tarde desta quarta-feira (18), por volta de 13h17 na rua Goi\u00e1s n\u00famero 307&nbsp;na Vila S\u00e3o Jo\u00e3o,&nbsp;proximidades da Arena.<\/p>\n\n\n\n<p>O inc\u00eandio ocorreu numa casa de aproximadamente 40m\u00b2 (mista, de madeira e material) e na chegada da equipe do Corpo de Bombeiros, a resid\u00eancia j\u00e1 estava totalmente tomada pelas chamas.<\/p>\n\n\n\n<p>As informa\u00e7\u00f5es preliminares repassadas n\u00e3o afirmam de que forma teve in\u00edcio o inc\u00eandio no local.<\/p>\n\n\n\n<p>Fonte e Foto: <a href=\"https:\/\/www.portalirati.com.br\/\">https:\/\/www.portalirati.com.br\/<\/a><\/p>\n\n\n\n<figure class=\"wp-block-image size-full\"><img decoding=\"async\" src=\"https:\/\/radiostudiow.com.br\/site\/wp-content\/uploads\/2022\/04\/AFUBRE-IRATI.jpg\" alt=\"\" class=\"wp-image-7116\"\/><\/figure>\n","protected":false},"excerpt":{"rendered":"<p>O Corpo de Bombeiros de Irati atendeu uma situa\u00e7\u00e3o de inc\u00eandio em edifica\u00e7\u00e3o no in\u00edcio da tarde desta quarta-feira (18), por volta de 13h17 na rua Goi\u00e1s n\u00famero 307&nbsp;na Vila S\u00e3o Jo\u00e3o,&nbsp;proximidades da Arena. O inc\u00eandio ocorreu numa casa de aproximadamente 40m\u00b2 (mista, de madeira e material) e na chegada da equipe do Corpo de [&hellip;]<\/p>\n","protected":false},"author":2,"featured_media":0,"comment_status":"open","ping_status":"open","sticky":false,"template":"","format":"standard","meta":{"footnotes":""},"categories":[2],"tags":[172],"class_list":["post-7405","post","type-post","status-publish","format-standard","hentry","category-policial","tag-featured"],"amp_enabled":true,"_links":{"self":[{"href":"https:\/\/radiostudiow.com.br\/site\/wp-json\/wp\/v2\/posts\/7405","targetHints":{"allow":["GET"]}}],"collection":[{"href":"https:\/\/radiostudiow.com.br\/site\/wp-json\/wp\/v2\/posts"}],"about":[{"href":"https:\/\/radiostudiow.com.br\/site\/wp-json\/wp\/v2\/types\/post"}],"author":[{"embeddable":true,"href":"https:\/\/radiostudiow.com.br\/site\/wp-json\/wp\/v2\/users\/2"}],"replies":[{"embeddable":true,"href":"https:\/\/radiostudiow.com.br\/site\/wp-json\/wp\/v2\/comments?post=7405"}],"version-history":[{"count":2,"href":"https:\/\/radiostudiow.com.br\/site\/wp-json\/wp\/v2\/posts\/7405\/revisions"}],"predecessor-version":[{"id":7408,"href":"https:\/\/radiostudiow.com.br\/site\/wp-json\/wp\/v2\/posts\/7405\/revisions\/7408"}],"wp:attachment":[{"href":"https:\/\/radiostudiow.com.br\/site\/wp-json\/wp\/v2\/media?parent=7405"}],"wp:term":[{"taxonomy":"category","embeddable":true,"href":"https:\/\/radiostudiow.com.br\/site\/wp-json\/wp\/v2\/categories?post=7405"},{"taxonomy":"post_tag","embeddable":true,"href":"https:\/\/radiostudiow.com.br\/site\/wp-json\/wp\/v2\/tags?post=7405"}],"curies":[{"name":"wp","href":"https:\/\/api.w.org\/{rel}","templated":true}]}}