{"id":7411,"date":"2022-05-19T10:00:03","date_gmt":"2022-05-19T13:00:03","guid":{"rendered":"https:\/\/radiostudiow.com.br\/site\/?p=7411"},"modified":"2025-01-31T15:10:08","modified_gmt":"2025-01-31T18:10:08","slug":"motorista-embriagado-se-envolve-em-acidente-e-e-preso-pela-pm-de-sao-mateus-do-sul","status":"publish","type":"post","link":"https:\/\/radiostudiow.com.br\/site\/2022\/05\/19\/motorista-embriagado-se-envolve-em-acidente-e-e-preso-pela-pm-de-sao-mateus-do-sul\/","title":{"rendered":"Motorista embriagado se envolve em acidente e \u00e9 preso pela PM de S\u00e3o Mateus do Sul"},"content":{"rendered":"\n<figure class=\"wp-block-image size-full\"><img decoding=\"async\" src=\"https:\/\/radiostudiow.com.br\/site\/wp-content\/uploads\/2022\/05\/NUTRI-MALLET.jpg\" alt=\"\" class=\"wp-image-7282\"\/><\/figure>\n\n\n\n<p>Um motorista foi preso por embriaguez ao volante, ap\u00f3s se envolver em um acidente de tr\u00e2nsito, na tarde desta quarta-feira, 18 de maio, no bairro Jardim Dona Herm\u00ednia em S\u00e3o Mateus do Sul.<\/p>\n\n\n\n<p>A equipe atendeu a ocorr\u00eancia envolvendo dois ve\u00edculos por volta de 14:50 horas, que resultou em danos materiais de pequena monta em ambos os ve\u00edculos, e tamb\u00e9m em um poste de ilumina\u00e7\u00e3o p\u00fablica.<\/p>\n\n\n\n<p>A equipe da Pol\u00edcia Militar constatou que um dos envolvidos apresentava ferimentos leves e sinais de embriaguez, sendo dado voz de pris\u00e3o e encaminhado ao Pronto Atendimento Municipal e posteriormente \u00e0 delegacia de Pol\u00edcia Civil.<\/p>\n\n\n\n<figure class=\"wp-block-image size-full\"><img decoding=\"async\" src=\"https:\/\/radiostudiow.com.br\/site\/wp-content\/uploads\/2022\/05\/vem_ai.jpg\" alt=\"\" class=\"wp-image-7348\"\/><\/figure>\n","protected":false},"excerpt":{"rendered":"<p>Um motorista foi preso por embriaguez ao volante, ap\u00f3s se envolver em um acidente de tr\u00e2nsito, na tarde desta quarta-feira, 18 de maio, no bairro Jardim Dona Herm\u00ednia em S\u00e3o Mateus do Sul. A equipe atendeu a ocorr\u00eancia envolvendo dois ve\u00edculos por volta de 14:50 horas, que resultou em danos materiais de pequena monta em [&hellip;]<\/p>\n","protected":false},"author":2,"featured_media":6882,"comment_status":"open","ping_status":"open","sticky":false,"template":"","format":"standard","meta":{"footnotes":""},"categories":[2],"tags":[172],"class_list":["post-7411","post","type-post","status-publish","format-standard","has-post-thumbnail","hentry","category-policial","tag-featured"],"amp_enabled":true,"_links":{"self":[{"href":"https:\/\/radiostudiow.com.br\/site\/wp-json\/wp\/v2\/posts\/7411","targetHints":{"allow":["GET"]}}],"collection":[{"href":"https:\/\/radiostudiow.com.br\/site\/wp-json\/wp\/v2\/posts"}],"about":[{"href":"https:\/\/radiostudiow.com.br\/site\/wp-json\/wp\/v2\/types\/post"}],"author":[{"embeddable":true,"href":"https:\/\/radiostudiow.com.br\/site\/wp-json\/wp\/v2\/users\/2"}],"replies":[{"embeddable":true,"href":"https:\/\/radiostudiow.com.br\/site\/wp-json\/wp\/v2\/comments?post=7411"}],"version-history":[{"count":1,"href":"https:\/\/radiostudiow.com.br\/site\/wp-json\/wp\/v2\/posts\/7411\/revisions"}],"predecessor-version":[{"id":7412,"href":"https:\/\/radiostudiow.com.br\/site\/wp-json\/wp\/v2\/posts\/7411\/revisions\/7412"}],"wp:featuredmedia":[{"embeddable":true,"href":"https:\/\/radiostudiow.com.br\/site\/wp-json\/wp\/v2\/media\/6882"}],"wp:attachment":[{"href":"https:\/\/radiostudiow.com.br\/site\/wp-json\/wp\/v2\/media?parent=7411"}],"wp:term":[{"taxonomy":"category","embeddable":true,"href":"https:\/\/radiostudiow.com.br\/site\/wp-json\/wp\/v2\/categories?post=7411"},{"taxonomy":"post_tag","embeddable":true,"href":"https:\/\/radiostudiow.com.br\/site\/wp-json\/wp\/v2\/tags?post=7411"}],"curies":[{"name":"wp","href":"https:\/\/api.w.org\/{rel}","templated":true}]}}