{"id":7419,"date":"2022-05-19T11:58:50","date_gmt":"2022-05-19T14:58:50","guid":{"rendered":"https:\/\/radiostudiow.com.br\/site\/?p=7419"},"modified":"2025-01-31T15:10:08","modified_gmt":"2025-01-31T18:10:08","slug":"jovem-e-encontrado-morto-proximo-a-torre-de-em-fernandes-pinheiro","status":"publish","type":"post","link":"https:\/\/radiostudiow.com.br\/site\/2022\/05\/19\/jovem-e-encontrado-morto-proximo-a-torre-de-em-fernandes-pinheiro\/","title":{"rendered":"Jovem \u00e9 encontrado morto pr\u00f3ximo a torre de telecomunica\u00e7\u00f5es em Fernandes Pinheiro"},"content":{"rendered":"\n<figure class=\"wp-block-image size-full\"><img decoding=\"async\" src=\"https:\/\/radiostudiow.com.br\/site\/wp-content\/uploads\/2022\/03\/SICREDI.jpg\" alt=\"\" class=\"wp-image-6409\"\/><\/figure>\n\n\n\n<p>Em Fernandes Pinheiro, um jovem de 29 anos foi encontrado sem vida em um terreno onde est\u00e1 localizada uma torre de telecomunica\u00e7\u00f5es, na Avenida Ivo Le\u00e3o, no centro da cidade. A situa\u00e7\u00e3o foi registrada por volta das 07:00 horas pela Pol\u00edcia Militar na quarta-feira (18).<\/p>\n\n\n\n<p>Segundo a Pol\u00edcia Militar, no local os policiais encontraram o homem, que aparentemente j\u00e1 estava sem vida. Foi acionada a equipe da Secretaria Municipal de Sa\u00fade, que constatou o oito.<\/p>\n\n\n\n<p>O caso foi informado ao investigador de plant\u00e3o da Pol\u00edcia Civil de Teixeira Soares, que acionou o IML. A equipe da PM fez o isolamento do local at\u00e9 a chegada a per\u00edcia, que fez os levantamentos cab\u00edveis.<\/p>\n\n\n\n<figure class=\"wp-block-image size-full\"><img decoding=\"async\" src=\"https:\/\/radiostudiow.com.br\/site\/wp-content\/uploads\/2022\/02\/HF-MALLET-1.jpg\" alt=\"\" class=\"wp-image-5726\"\/><\/figure>\n","protected":false},"excerpt":{"rendered":"<p>Em Fernandes Pinheiro, um jovem de 29 anos foi encontrado sem vida em um terreno onde est\u00e1 localizada uma torre de telecomunica\u00e7\u00f5es, na Avenida Ivo Le\u00e3o, no centro da cidade. A situa\u00e7\u00e3o foi registrada por volta das 07:00 horas pela Pol\u00edcia Militar na quarta-feira (18). Segundo a Pol\u00edcia Militar, no local os policiais encontraram o [&hellip;]<\/p>\n","protected":false},"author":2,"featured_media":0,"comment_status":"open","ping_status":"open","sticky":false,"template":"","format":"standard","meta":{"footnotes":""},"categories":[2],"tags":[172],"class_list":["post-7419","post","type-post","status-publish","format-standard","hentry","category-policial","tag-featured"],"amp_enabled":true,"_links":{"self":[{"href":"https:\/\/radiostudiow.com.br\/site\/wp-json\/wp\/v2\/posts\/7419","targetHints":{"allow":["GET"]}}],"collection":[{"href":"https:\/\/radiostudiow.com.br\/site\/wp-json\/wp\/v2\/posts"}],"about":[{"href":"https:\/\/radiostudiow.com.br\/site\/wp-json\/wp\/v2\/types\/post"}],"author":[{"embeddable":true,"href":"https:\/\/radiostudiow.com.br\/site\/wp-json\/wp\/v2\/users\/2"}],"replies":[{"embeddable":true,"href":"https:\/\/radiostudiow.com.br\/site\/wp-json\/wp\/v2\/comments?post=7419"}],"version-history":[{"count":2,"href":"https:\/\/radiostudiow.com.br\/site\/wp-json\/wp\/v2\/posts\/7419\/revisions"}],"predecessor-version":[{"id":7422,"href":"https:\/\/radiostudiow.com.br\/site\/wp-json\/wp\/v2\/posts\/7419\/revisions\/7422"}],"wp:attachment":[{"href":"https:\/\/radiostudiow.com.br\/site\/wp-json\/wp\/v2\/media?parent=7419"}],"wp:term":[{"taxonomy":"category","embeddable":true,"href":"https:\/\/radiostudiow.com.br\/site\/wp-json\/wp\/v2\/categories?post=7419"},{"taxonomy":"post_tag","embeddable":true,"href":"https:\/\/radiostudiow.com.br\/site\/wp-json\/wp\/v2\/tags?post=7419"}],"curies":[{"name":"wp","href":"https:\/\/api.w.org\/{rel}","templated":true}]}}