{"id":7424,"date":"2022-05-19T17:11:04","date_gmt":"2022-05-19T20:11:04","guid":{"rendered":"https:\/\/radiostudiow.com.br\/site\/?p=7424"},"modified":"2025-01-31T15:10:08","modified_gmt":"2025-01-31T18:10:08","slug":"corpo-de-homem-de-47-anos-e-encontrado-em-paulo-frontin","status":"publish","type":"post","link":"https:\/\/radiostudiow.com.br\/site\/2022\/05\/19\/corpo-de-homem-de-47-anos-e-encontrado-em-paulo-frontin\/","title":{"rendered":"Corpo de homem de 47 anos \u00e9 encontrado em Paulo Frontin"},"content":{"rendered":"\n<figure class=\"wp-block-image size-full\"><img decoding=\"async\" src=\"https:\/\/radiostudiow.com.br\/site\/wp-content\/uploads\/2022\/05\/vem_ai.jpg\" alt=\"\" class=\"wp-image-7348\"\/><\/figure>\n\n\n\n<p>A equipe da PM foi acionada por um Bombeiro comunit\u00e1rio da cidade de Paulo Frontin por volta das 22:09 horas dessa segunda-feira, 17 de maio, onde este relatou que populares haviam encontrado um corpo embaixo de uma passarela, estando submerso dentro da \u00e1gua.<\/p>\n\n\n\n<p>Foram acionados ent\u00e3o IML, a Criminal\u00edstica de Uni\u00e3o da Vit\u00f3ria e tamb\u00e9m compareceram no local a Pol\u00edcia Civil. O corpo do homem foi identificado, com as iniciais S.F.R, de 47 anos.<\/p>\n\n\n\n<p>Na resid\u00eancia n\u00e3o haviam sinais de arrombamento, populares informaram que o mesmo fazia uso de bebida alco\u00f3lica e o \u00faltimo contato que tiveram com ele foi na sexta-feira (13).<\/p>\n\n\n\n<figure class=\"wp-block-image size-full\"><img decoding=\"async\" src=\"https:\/\/radiostudiow.com.br\/site\/wp-content\/uploads\/2022\/03\/240387432_2992083691066122_4820772207429196742_n.jpg\" alt=\"\" class=\"wp-image-6405\"\/><\/figure>\n","protected":false},"excerpt":{"rendered":"<p>A equipe da PM foi acionada por um Bombeiro comunit\u00e1rio da cidade de Paulo Frontin por volta das 22:09 horas dessa segunda-feira, 17 de maio, onde este relatou que populares haviam encontrado um corpo embaixo de uma passarela, estando submerso dentro da \u00e1gua. Foram acionados ent\u00e3o IML, a Criminal\u00edstica de Uni\u00e3o da Vit\u00f3ria e tamb\u00e9m [&hellip;]<\/p>\n","protected":false},"author":2,"featured_media":3614,"comment_status":"open","ping_status":"open","sticky":false,"template":"","format":"standard","meta":{"footnotes":""},"categories":[2],"tags":[172],"class_list":["post-7424","post","type-post","status-publish","format-standard","has-post-thumbnail","hentry","category-policial","tag-featured"],"amp_enabled":true,"_links":{"self":[{"href":"https:\/\/radiostudiow.com.br\/site\/wp-json\/wp\/v2\/posts\/7424","targetHints":{"allow":["GET"]}}],"collection":[{"href":"https:\/\/radiostudiow.com.br\/site\/wp-json\/wp\/v2\/posts"}],"about":[{"href":"https:\/\/radiostudiow.com.br\/site\/wp-json\/wp\/v2\/types\/post"}],"author":[{"embeddable":true,"href":"https:\/\/radiostudiow.com.br\/site\/wp-json\/wp\/v2\/users\/2"}],"replies":[{"embeddable":true,"href":"https:\/\/radiostudiow.com.br\/site\/wp-json\/wp\/v2\/comments?post=7424"}],"version-history":[{"count":1,"href":"https:\/\/radiostudiow.com.br\/site\/wp-json\/wp\/v2\/posts\/7424\/revisions"}],"predecessor-version":[{"id":7425,"href":"https:\/\/radiostudiow.com.br\/site\/wp-json\/wp\/v2\/posts\/7424\/revisions\/7425"}],"wp:featuredmedia":[{"embeddable":true,"href":"https:\/\/radiostudiow.com.br\/site\/wp-json\/wp\/v2\/media\/3614"}],"wp:attachment":[{"href":"https:\/\/radiostudiow.com.br\/site\/wp-json\/wp\/v2\/media?parent=7424"}],"wp:term":[{"taxonomy":"category","embeddable":true,"href":"https:\/\/radiostudiow.com.br\/site\/wp-json\/wp\/v2\/categories?post=7424"},{"taxonomy":"post_tag","embeddable":true,"href":"https:\/\/radiostudiow.com.br\/site\/wp-json\/wp\/v2\/tags?post=7424"}],"curies":[{"name":"wp","href":"https:\/\/api.w.org\/{rel}","templated":true}]}}