{"id":7430,"date":"2022-05-20T11:13:46","date_gmt":"2022-05-20T14:13:46","guid":{"rendered":"https:\/\/radiostudiow.com.br\/site\/?p=7430"},"modified":"2025-01-31T15:10:08","modified_gmt":"2025-01-31T18:10:08","slug":"homem-e-preso-por-cumprimento-de-mandado-judicial-em-cruz-machado","status":"publish","type":"post","link":"https:\/\/radiostudiow.com.br\/site\/2022\/05\/20\/homem-e-preso-por-cumprimento-de-mandado-judicial-em-cruz-machado\/","title":{"rendered":"Homem \u00e9 preso por Cumprimento de Mandado Judicial em Cruz Machado"},"content":{"rendered":"\n<figure class=\"wp-block-image size-full\"><img decoding=\"async\" src=\"https:\/\/radiostudiow.com.br\/site\/wp-content\/uploads\/2022\/04\/HF-MALLET.jpg\" alt=\"\" class=\"wp-image-7103\"\/><\/figure>\n\n\n\n<p>Durante o patrulhamento da equipe da Pol\u00edcia Militar de Cruz Machado pelo Bairro S\u00e3o Jos\u00e9 foi realizado uma situa\u00e7\u00e3o de Cumprimento de Mandado Judicial \u00e0s 11:30 horas desta quinta \u2013 feira (19).<\/p>\n\n\n\n<p>De acordo com o relat\u00f3rio policial, foi realizado a abordagem a um homem e ap\u00f3s consulta no sistema constatou-se que ele possu\u00eda mandado de pris\u00e3o em seu desfavor.<\/p>\n\n\n\n<p>Diante da situa\u00e7\u00e3o foram lidos os direitos constitucionais ao autor, dado voz de pris\u00e3o e encaminhado ao Depen em Uni\u00e3o da Vit\u00f3ria.<\/p>\n\n\n\n<figure class=\"wp-block-image size-full\"><img decoding=\"async\" src=\"https:\/\/radiostudiow.com.br\/site\/wp-content\/uploads\/2022\/04\/SEPAC.jpg\" alt=\"\" class=\"wp-image-7113\"\/><\/figure>\n","protected":false},"excerpt":{"rendered":"<p>Durante o patrulhamento da equipe da Pol\u00edcia Militar de Cruz Machado pelo Bairro S\u00e3o Jos\u00e9 foi realizado uma situa\u00e7\u00e3o de Cumprimento de Mandado Judicial \u00e0s 11:30 horas desta quinta \u2013 feira (19). De acordo com o relat\u00f3rio policial, foi realizado a abordagem a um homem e ap\u00f3s consulta no sistema constatou-se que ele possu\u00eda mandado [&hellip;]<\/p>\n","protected":false},"author":2,"featured_media":0,"comment_status":"open","ping_status":"open","sticky":false,"template":"","format":"standard","meta":{"footnotes":""},"categories":[2],"tags":[172],"class_list":["post-7430","post","type-post","status-publish","format-standard","hentry","category-policial","tag-featured"],"amp_enabled":true,"_links":{"self":[{"href":"https:\/\/radiostudiow.com.br\/site\/wp-json\/wp\/v2\/posts\/7430","targetHints":{"allow":["GET"]}}],"collection":[{"href":"https:\/\/radiostudiow.com.br\/site\/wp-json\/wp\/v2\/posts"}],"about":[{"href":"https:\/\/radiostudiow.com.br\/site\/wp-json\/wp\/v2\/types\/post"}],"author":[{"embeddable":true,"href":"https:\/\/radiostudiow.com.br\/site\/wp-json\/wp\/v2\/users\/2"}],"replies":[{"embeddable":true,"href":"https:\/\/radiostudiow.com.br\/site\/wp-json\/wp\/v2\/comments?post=7430"}],"version-history":[{"count":1,"href":"https:\/\/radiostudiow.com.br\/site\/wp-json\/wp\/v2\/posts\/7430\/revisions"}],"predecessor-version":[{"id":7431,"href":"https:\/\/radiostudiow.com.br\/site\/wp-json\/wp\/v2\/posts\/7430\/revisions\/7431"}],"wp:attachment":[{"href":"https:\/\/radiostudiow.com.br\/site\/wp-json\/wp\/v2\/media?parent=7430"}],"wp:term":[{"taxonomy":"category","embeddable":true,"href":"https:\/\/radiostudiow.com.br\/site\/wp-json\/wp\/v2\/categories?post=7430"},{"taxonomy":"post_tag","embeddable":true,"href":"https:\/\/radiostudiow.com.br\/site\/wp-json\/wp\/v2\/tags?post=7430"}],"curies":[{"name":"wp","href":"https:\/\/api.w.org\/{rel}","templated":true}]}}