{"id":7432,"date":"2022-05-20T14:48:04","date_gmt":"2022-05-20T17:48:04","guid":{"rendered":"https:\/\/radiostudiow.com.br\/site\/?p=7432"},"modified":"2025-01-31T15:10:08","modified_gmt":"2025-01-31T18:10:08","slug":"policia-militar-de-mallet-recupera-veiculo-furtado-e-prende-autores","status":"publish","type":"post","link":"https:\/\/radiostudiow.com.br\/site\/2022\/05\/20\/policia-militar-de-mallet-recupera-veiculo-furtado-e-prende-autores\/","title":{"rendered":"POL\u00cdCIA MILITAR DE MALLET RECUPERA VE\u00cdCULO FURTADO E PRENDE AUTORES"},"content":{"rendered":"\n<figure class=\"wp-block-image size-full\"><img decoding=\"async\" src=\"https:\/\/radiostudiow.com.br\/site\/wp-content\/uploads\/2022\/03\/240387432_2992083691066122_4820772207429196742_n.jpg\" alt=\"\" class=\"wp-image-6405\"\/><\/figure>\n\n\n\n<p>A equipe da Pol\u00edcia Militar de Mallet estava realizando patrulhamento quando visualizou um ve\u00edculo Fiat Uno estacionado e dois homens em atitude suspeita.<\/p>\n\n\n\n<p>No momento da abordagem os suspeitos estavam para fora do ve\u00edculo trocando o pneu. A situa\u00e7\u00e3o ocorreu por volta das 15:00 horas desta quinta \u2013 feira, 19 de maio, na BR \u2013 153.<\/p>\n\n\n\n<p>Anteriormente a equipe recebeu informa\u00e7\u00e3o de que um ve\u00edculo com as mesmas caracter\u00edsticas havia sido furtado.<\/p>\n\n\n\n<p>Em revista pessoal nada de il\u00edcito foi encontrada com os suspeitos, j\u00e1 em consulta a placa do ve\u00edculo no sistema foi constatada que se tratava de produto de furto.<br>Diante da situa\u00e7\u00e3o foram lidos os direitos constitucionais aos autores e dado voz de pris\u00e3o.<\/p>\n\n\n\n<p>Posteriormente deslocado at\u00e9 a 10\u00aa DRP de Mallet para provid\u00eancias.<\/p>\n\n\n\n<figure class=\"wp-block-image size-full\"><img decoding=\"async\" src=\"https:\/\/radiostudiow.com.br\/site\/wp-content\/uploads\/2022\/03\/SICREDI.jpg\" alt=\"\" class=\"wp-image-6409\"\/><\/figure>\n","protected":false},"excerpt":{"rendered":"<p>A equipe da Pol\u00edcia Militar de Mallet estava realizando patrulhamento quando visualizou um ve\u00edculo Fiat Uno estacionado e dois homens em atitude suspeita. No momento da abordagem os suspeitos estavam para fora do ve\u00edculo trocando o pneu. A situa\u00e7\u00e3o ocorreu por volta das 15:00 horas desta quinta \u2013 feira, 19 de maio, na BR \u2013 [&hellip;]<\/p>\n","protected":false},"author":2,"featured_media":0,"comment_status":"open","ping_status":"open","sticky":false,"template":"","format":"standard","meta":{"footnotes":""},"categories":[2],"tags":[172],"class_list":["post-7432","post","type-post","status-publish","format-standard","hentry","category-policial","tag-featured"],"amp_enabled":true,"_links":{"self":[{"href":"https:\/\/radiostudiow.com.br\/site\/wp-json\/wp\/v2\/posts\/7432","targetHints":{"allow":["GET"]}}],"collection":[{"href":"https:\/\/radiostudiow.com.br\/site\/wp-json\/wp\/v2\/posts"}],"about":[{"href":"https:\/\/radiostudiow.com.br\/site\/wp-json\/wp\/v2\/types\/post"}],"author":[{"embeddable":true,"href":"https:\/\/radiostudiow.com.br\/site\/wp-json\/wp\/v2\/users\/2"}],"replies":[{"embeddable":true,"href":"https:\/\/radiostudiow.com.br\/site\/wp-json\/wp\/v2\/comments?post=7432"}],"version-history":[{"count":3,"href":"https:\/\/radiostudiow.com.br\/site\/wp-json\/wp\/v2\/posts\/7432\/revisions"}],"predecessor-version":[{"id":7437,"href":"https:\/\/radiostudiow.com.br\/site\/wp-json\/wp\/v2\/posts\/7432\/revisions\/7437"}],"wp:attachment":[{"href":"https:\/\/radiostudiow.com.br\/site\/wp-json\/wp\/v2\/media?parent=7432"}],"wp:term":[{"taxonomy":"category","embeddable":true,"href":"https:\/\/radiostudiow.com.br\/site\/wp-json\/wp\/v2\/categories?post=7432"},{"taxonomy":"post_tag","embeddable":true,"href":"https:\/\/radiostudiow.com.br\/site\/wp-json\/wp\/v2\/tags?post=7432"}],"curies":[{"name":"wp","href":"https:\/\/api.w.org\/{rel}","templated":true}]}}