{"id":7438,"date":"2022-05-20T16:12:53","date_gmt":"2022-05-20T19:12:53","guid":{"rendered":"https:\/\/radiostudiow.com.br\/site\/?p=7438"},"modified":"2025-01-31T15:10:08","modified_gmt":"2025-01-31T18:10:08","slug":"grupo-krakow-arrecada-fundos-para-reforma-da-casa-do-povo-em-mallet","status":"publish","type":"post","link":"https:\/\/radiostudiow.com.br\/site\/2022\/05\/20\/grupo-krakow-arrecada-fundos-para-reforma-da-casa-do-povo-em-mallet\/","title":{"rendered":"Grupo Krakow arrecada fundos para reforma da \u201cCasa do Povo\u201d em Mallet"},"content":{"rendered":"\n<p><em>Localizada no distrito de Rio Claro do Sul, a obra j\u00e1 est\u00e1 ocorrendo e o grupo pode a colabora\u00e7\u00e3o da popula\u00e7\u00e3o para arrecada\u00e7\u00e3o de fundos.<\/em><\/p>\n\n\n\n<figure class=\"wp-block-image size-full\"><img decoding=\"async\" src=\"https:\/\/radiostudiow.com.br\/site\/wp-content\/uploads\/2022\/05\/vem_ai.jpg\" alt=\"\" class=\"wp-image-7348\"\/><\/figure>\n\n\n\n<p><em>Amanda Borges<\/em><\/p>\n\n\n\n<p>H\u00e1 um m\u00eas, a <strong>\u201cCasa da Povo\u201d<\/strong>, localizada em Rio Claro do Sul, distrito de Mallet, vem sendo reformada. O espa\u00e7o se destaca por ser um dos \u00fanicos que ainda mant\u00e9m os tra\u00e7os da arquitetura polonesa no munic\u00edpio, proveniente da imigra\u00e7\u00e3o. Atualmente, o Grupo Folcl\u00f3rico Polon\u00eas Krakow, respons\u00e1vel pelo espa\u00e7o, vem arrecadando fundos para dar continuidade \u00e0s obras no im\u00f3vel.<\/p>\n\n\n\n<p>A iniciativa, que ganhou t\u00edtulo de <strong>\u201cVolta a Vida na Casa do Povo\u201d<\/strong>, prev\u00ea reforma e amplia\u00e7\u00e3o do espa\u00e7o, de acordo com o projeto da obra. Al\u00e9m disso, o local sempre serviu de sede para grupo Krakow, que segue ensaiando na Casa, mesmo com as condi\u00e7\u00f5es estruturais prec\u00e1rias.<\/p>\n\n\n\n<p><em>Para custear a obra, o Krakow conta com o apoio do governo Polon\u00eas. De acordo com a coordenadora do grupo, Sandra Maria Panek Wander, o Minist\u00e9rio de Rela\u00e7\u00f5es Exteriores da Pol\u00f4nia, forneceu R$ 174.442,55 em recursos para a realiza\u00e7\u00e3o do restauro. Contudo, o valor ir\u00e1 cobrir apenas cerca de 60% do necess\u00e1rio para conclus\u00e3o. Por isso, \u00e9 necess\u00e1rio a contribui\u00e7\u00e3o da popula\u00e7\u00e3o, seja com recursos financeiros, produtos, materiais, m\u00e3o de obra ou participando das atividades para arrecada\u00e7\u00e3o de fundos promovidas pelo grupo.<\/em><\/p>\n\n\n\n<figure class=\"wp-block-image size-full is-resized\"><img loading=\"lazy\" decoding=\"async\" src=\"https:\/\/radiostudiow.com.br\/site\/wp-content\/uploads\/2022\/05\/e54cc61b-casa-do-povo-bonita.jpg\" alt=\"\" class=\"wp-image-7439\" width=\"740\" height=\"416\" srcset=\"https:\/\/radiostudiow.com.br\/site\/wp-content\/uploads\/2022\/05\/e54cc61b-casa-do-povo-bonita.jpg 1024w, https:\/\/radiostudiow.com.br\/site\/wp-content\/uploads\/2022\/05\/e54cc61b-casa-do-povo-bonita-300x169.jpg 300w, https:\/\/radiostudiow.com.br\/site\/wp-content\/uploads\/2022\/05\/e54cc61b-casa-do-povo-bonita-768x432.jpg 768w\" sizes=\"auto, (max-width: 740px) 100vw, 740px\" \/><figcaption>Na foto, a parte externa do projeto da reforma da Casa do Povo | Foto: Divulga\u00e7\u00e3o<\/figcaption><\/figure>\n\n\n\n<p><strong>Como ajudar<\/strong><\/p>\n\n\n\n<p>No domingo (15), o grupo folcl\u00f3rico ir\u00e1 realizar o evento <strong>\u201cBing\u00e3o do Mil\u00e3o com Tarde Dan\u00e7ante\u201d<\/strong>, que vai reverter todo o dinheiro arrecadado para a continua\u00e7\u00e3o das obras. Al\u00e9m do bingo, est\u00e3o programadas apresenta\u00e7\u00f5es art\u00edsticas e a venda de past\u00e9is e sonhos.<\/p>\n\n\n\n<p>Ainda, todos os que desejarem colaborar com contribui\u00e7\u00f5es financeiras, podem realizar um Pix para a chave do Grupo Krakow, que \u00e9 o CNPJ: 09.347.771\/0001-24. Para quem quiser doar materiais ou colaborar com m\u00e3o de obra, pode entrar em contato atrav\u00e9s do telefone (42) 98802-7862, e conversar diretamente com a coordenadora Sandra.<\/p>\n\n\n\n<figure class=\"wp-block-image size-full\"><img decoding=\"async\" src=\"https:\/\/radiostudiow.com.br\/site\/wp-content\/uploads\/2022\/05\/NUTRI-MALLET.jpg\" alt=\"\" class=\"wp-image-7282\"\/><\/figure>\n\n\n\n<p><strong>Hist\u00f3ria<\/strong><\/p>\n\n\n\n<p>Fundada em 1958 pelos colonizadores vindos da Pol\u00f4nia, a Casa do Povo \u00e9 considerada o \u00fanico local do distrito Rio Claro do Sul que ainda mant\u00e9m a estrutura tradicionalmente polonesa.<\/p>\n\n\n\n<p>Antigamente, o local funcionava como um centro cultural, contudo, com as m\u00e1s condi\u00e7\u00f5es de conserva\u00e7\u00e3o e preserva\u00e7\u00e3o do espa\u00e7o, os eventos pararam de acontecer. Ainda, ap\u00f3s a trag\u00e9dia ocorrida na Boate Kiss, no ano de 2013, no Rio Grande do Sul, o local precisou paralisar completamente as atividades por conta das inadequa\u00e7\u00f5es do espa\u00e7o f\u00edsico as medidas de seguran\u00e7a.<\/p>\n\n\n\n<p>Ap\u00f3s a sua interdi\u00e7\u00e3o, a Casa do Povo sofreu com o avan\u00e7o do tempo e sua estrutura n\u00e3o teve como resistir completamente. Por isso, o Grupo Folcl\u00f3rico Polon\u00eas Krakow passou a se preocupar com o local que, aos poucos, estava cada vez mais degradado. Assim, ap\u00f3s uma solicita\u00e7\u00e3o feita pelo pr\u00f3prio grupo, a Diocese de Uni\u00e3o da Vit\u00f3ria doou a Casa do Povo para o grupo, que assumiu a responsabilidade e hoje comanda as reformas.<\/p>\n\n\n\n<p>Fonte: <a href=\"https:\/\/www.folhadeirati.com.br\/\">https:\/\/www.folhadeirati.com.br\/<\/a><\/p>\n\n\n\n<figure class=\"wp-block-image size-full\"><img decoding=\"async\" src=\"https:\/\/radiostudiow.com.br\/site\/wp-content\/uploads\/2022\/05\/WRNET.jpg\" alt=\"\" class=\"wp-image-7328\"\/><\/figure>\n","protected":false},"excerpt":{"rendered":"<p>Localizada no distrito de Rio Claro do Sul, a obra j\u00e1 est\u00e1 ocorrendo e o grupo pode a colabora\u00e7\u00e3o da popula\u00e7\u00e3o para arrecada\u00e7\u00e3o de fundos. Amanda Borges H\u00e1 um m\u00eas, a \u201cCasa da Povo\u201d, localizada em Rio Claro do Sul, distrito de Mallet, vem sendo reformada. O espa\u00e7o se destaca por ser um dos \u00fanicos [&hellip;]<\/p>\n","protected":false},"author":2,"featured_media":7440,"comment_status":"open","ping_status":"open","sticky":false,"template":"","format":"standard","meta":{"footnotes":""},"categories":[184],"tags":[172],"class_list":["post-7438","post","type-post","status-publish","format-standard","has-post-thumbnail","hentry","category-local","tag-featured"],"amp_enabled":true,"_links":{"self":[{"href":"https:\/\/radiostudiow.com.br\/site\/wp-json\/wp\/v2\/posts\/7438","targetHints":{"allow":["GET"]}}],"collection":[{"href":"https:\/\/radiostudiow.com.br\/site\/wp-json\/wp\/v2\/posts"}],"about":[{"href":"https:\/\/radiostudiow.com.br\/site\/wp-json\/wp\/v2\/types\/post"}],"author":[{"embeddable":true,"href":"https:\/\/radiostudiow.com.br\/site\/wp-json\/wp\/v2\/users\/2"}],"replies":[{"embeddable":true,"href":"https:\/\/radiostudiow.com.br\/site\/wp-json\/wp\/v2\/comments?post=7438"}],"version-history":[{"count":1,"href":"https:\/\/radiostudiow.com.br\/site\/wp-json\/wp\/v2\/posts\/7438\/revisions"}],"predecessor-version":[{"id":7441,"href":"https:\/\/radiostudiow.com.br\/site\/wp-json\/wp\/v2\/posts\/7438\/revisions\/7441"}],"wp:featuredmedia":[{"embeddable":true,"href":"https:\/\/radiostudiow.com.br\/site\/wp-json\/wp\/v2\/media\/7440"}],"wp:attachment":[{"href":"https:\/\/radiostudiow.com.br\/site\/wp-json\/wp\/v2\/media?parent=7438"}],"wp:term":[{"taxonomy":"category","embeddable":true,"href":"https:\/\/radiostudiow.com.br\/site\/wp-json\/wp\/v2\/categories?post=7438"},{"taxonomy":"post_tag","embeddable":true,"href":"https:\/\/radiostudiow.com.br\/site\/wp-json\/wp\/v2\/tags?post=7438"}],"curies":[{"name":"wp","href":"https:\/\/api.w.org\/{rel}","templated":true}]}}