{"id":7443,"date":"2022-05-20T17:48:00","date_gmt":"2022-05-20T20:48:00","guid":{"rendered":"https:\/\/radiostudiow.com.br\/site\/?p=7443"},"modified":"2025-01-31T15:10:08","modified_gmt":"2025-01-31T18:10:08","slug":"resultados-do-campeonato-municipal-de-futsal-do-interior-2022","status":"publish","type":"post","link":"https:\/\/radiostudiow.com.br\/site\/2022\/05\/20\/resultados-do-campeonato-municipal-de-futsal-do-interior-2022\/","title":{"rendered":"RESULTADOS DO CAMPEONATO MUNICIPAL DE FUTSAL DO INTERIOR 2022"},"content":{"rendered":"\n<figure class=\"wp-block-image size-full\"><img decoding=\"async\" src=\"https:\/\/radiostudiow.com.br\/site\/wp-content\/uploads\/2022\/05\/NUTRI-MALLET.jpg\" alt=\"\" class=\"wp-image-7282\"\/><\/figure>\n\n\n\n<p>Segue os resultados dos jogos do CAMPEONATO MUNICIPAL DE FUTSAL DO INTERIOR 2022, realizados nesta quinta-feira, dia 19 de Maio, no Gin\u00e1sio Municipal.<\/p>\n\n\n\n<p><strong><em><u>\u00c0s 19h30min jogaram<\/u><\/em><\/strong><em><u>:<\/u><\/em><\/p>\n\n\n\n<figure class=\"wp-block-table\"><table><tbody><tr><td><strong><em><u>LAJEADO DE BAIXO<\/u><\/em><\/strong><\/td><td><strong><em><u>07<\/u><\/em><\/strong><\/td><td><strong><em><u>X<\/u><\/em><\/strong><\/td><td><strong><em><u>03<\/u><\/em><\/strong><\/td><td><strong><u><strong><em><u>PALMEIRINHA<\/u><\/em><\/strong><\/u><\/strong><\/td><\/tr><\/tbody><\/table><\/figure>\n\n\n\n<p>Para a equipe<strong><u> LAJEADO DE BAIXO<\/u>: <\/strong>F\u00e1bio Iankowski marcou <strong>04 gols.<\/strong> Rafael Antoniev marcou <strong>02 gols. <\/strong>Rodrigo Sotoski marcou <strong>01 gol<\/strong>.<\/p>\n\n\n\n<p>Para a equipe <strong><u>PALMEIRINHA<\/u>: <\/strong>Sebasti\u00e3o Ribeiro marcou <strong>02 gols.<\/strong> Reginaldo Sobianski marcou <strong>01 gol.<\/strong><\/p>\n\n\n\n<figure class=\"wp-block-gallery has-nested-images columns-default is-cropped wp-block-gallery-1 is-layout-flex wp-block-gallery-is-layout-flex\">\n<figure class=\"wp-block-image size-large\"><img decoding=\"async\" data-id=\"7447\" src=\"https:\/\/radiostudiow.com.br\/site\/wp-content\/uploads\/2022\/05\/26a1e54b-b9c1-4f91-9649-25af8ef0f892-1024x768.jpg\" alt=\"\" class=\"wp-image-7447\"\/><\/figure>\n\n\n\n<figure class=\"wp-block-image size-large\"><img decoding=\"async\" data-id=\"7446\" src=\"https:\/\/radiostudiow.com.br\/site\/wp-content\/uploads\/2022\/05\/4daa844e-aa78-4988-b133-044d5344a03f-1-1024x768.jpg\" alt=\"\" class=\"wp-image-7446\"\/><\/figure>\n<\/figure>\n\n\n\n<p><strong><em><u>\u00c0s 20h30min jogaram:<\/u><\/em><\/strong><\/p>\n\n\n\n<figure class=\"wp-block-table\"><table><tbody><tr><td><strong><u><strong><u>COLORADO<\/u><\/strong><\/u><\/strong><\/td><td><strong><em><u>12<\/u><\/em><\/strong><\/td><td><strong><em><u>X<\/u><\/em><\/strong><\/td><td><strong><em><u>02<\/u><\/em><\/strong><\/td><td><strong><u><strong>LIONS<\/strong><\/u><\/strong><\/td><\/tr><\/tbody><\/table><\/figure>\n\n\n\n<p>Para a equipe <strong><u>COLORADO<\/u>:<\/strong> Dalton Sechuk, An\u00e1zio Gol\u00eania e Tiago Daczkoski marcaram <strong>03 gols <\/strong>cada. Luiz Rom\u00e1rio Witchemechen marcou <strong>02 gols.<\/strong> Darci Cichocki marcou um <strong>01 gol<\/strong>.<\/p>\n\n\n\n<p>Para a equipe <strong><u>LIONS<\/u>: <\/strong>\u00a0Jos\u00e9 Henrique Kriak e Cassiano Zavatski marcaram <strong>01 gol <\/strong>cada.<\/p>\n\n\n\n<figure class=\"wp-block-gallery has-nested-images columns-default is-cropped wp-block-gallery-2 is-layout-flex wp-block-gallery-is-layout-flex\">\n<figure class=\"wp-block-image size-large\"><img decoding=\"async\" data-id=\"7448\" src=\"https:\/\/radiostudiow.com.br\/site\/wp-content\/uploads\/2022\/05\/541951db-f939-4eff-bb01-afef57f609d2-1024x768.jpg\" alt=\"\" class=\"wp-image-7448\"\/><\/figure>\n\n\n\n<figure class=\"wp-block-image size-large\"><img decoding=\"async\" data-id=\"7449\" src=\"https:\/\/radiostudiow.com.br\/site\/wp-content\/uploads\/2022\/05\/4e33486a-b5cc-442c-99b6-143e6e1f471a-1024x768.jpg\" alt=\"\" class=\"wp-image-7449\"\/><\/figure>\n<\/figure>\n\n\n\n<figure class=\"wp-block-image size-full\"><img decoding=\"async\" src=\"https:\/\/radiostudiow.com.br\/site\/wp-content\/uploads\/2022\/03\/240387432_2992083691066122_4820772207429196742_n.jpg\" alt=\"\" class=\"wp-image-6405\"\/><\/figure>\n","protected":false},"excerpt":{"rendered":"<p>Segue os resultados dos jogos do CAMPEONATO MUNICIPAL DE FUTSAL DO INTERIOR 2022, realizados nesta quinta-feira, dia 19 de Maio, no Gin\u00e1sio Municipal. \u00c0s 19h30min jogaram: LAJEADO DE BAIXO 07 X 03 PALMEIRINHA Para a equipe LAJEADO DE BAIXO: F\u00e1bio Iankowski marcou 04 gols. Rafael Antoniev marcou 02 gols. Rodrigo Sotoski marcou 01 gol. Para [&hellip;]<\/p>\n","protected":false},"author":2,"featured_media":0,"comment_status":"open","ping_status":"open","sticky":false,"template":"","format":"standard","meta":{"footnotes":""},"categories":[184],"tags":[172],"class_list":["post-7443","post","type-post","status-publish","format-standard","hentry","category-local","tag-featured"],"amp_enabled":true,"_links":{"self":[{"href":"https:\/\/radiostudiow.com.br\/site\/wp-json\/wp\/v2\/posts\/7443","targetHints":{"allow":["GET"]}}],"collection":[{"href":"https:\/\/radiostudiow.com.br\/site\/wp-json\/wp\/v2\/posts"}],"about":[{"href":"https:\/\/radiostudiow.com.br\/site\/wp-json\/wp\/v2\/types\/post"}],"author":[{"embeddable":true,"href":"https:\/\/radiostudiow.com.br\/site\/wp-json\/wp\/v2\/users\/2"}],"replies":[{"embeddable":true,"href":"https:\/\/radiostudiow.com.br\/site\/wp-json\/wp\/v2\/comments?post=7443"}],"version-history":[{"count":2,"href":"https:\/\/radiostudiow.com.br\/site\/wp-json\/wp\/v2\/posts\/7443\/revisions"}],"predecessor-version":[{"id":7451,"href":"https:\/\/radiostudiow.com.br\/site\/wp-json\/wp\/v2\/posts\/7443\/revisions\/7451"}],"wp:attachment":[{"href":"https:\/\/radiostudiow.com.br\/site\/wp-json\/wp\/v2\/media?parent=7443"}],"wp:term":[{"taxonomy":"category","embeddable":true,"href":"https:\/\/radiostudiow.com.br\/site\/wp-json\/wp\/v2\/categories?post=7443"},{"taxonomy":"post_tag","embeddable":true,"href":"https:\/\/radiostudiow.com.br\/site\/wp-json\/wp\/v2\/tags?post=7443"}],"curies":[{"name":"wp","href":"https:\/\/api.w.org\/{rel}","templated":true}]}}