{"id":7456,"date":"2022-05-21T09:44:46","date_gmt":"2022-05-21T12:44:46","guid":{"rendered":"https:\/\/radiostudiow.com.br\/site\/?p=7456"},"modified":"2025-01-31T15:10:08","modified_gmt":"2025-01-31T18:10:08","slug":"duas-pessoas-ficam-feridas-em-acidente-envolvendo-caminhonete-e-carreta-em-sao-mateus-do-sul","status":"publish","type":"post","link":"https:\/\/radiostudiow.com.br\/site\/2022\/05\/21\/duas-pessoas-ficam-feridas-em-acidente-envolvendo-caminhonete-e-carreta-em-sao-mateus-do-sul\/","title":{"rendered":"Duas pessoas ficam feridas em acidente envolvendo caminhonete e carreta em S\u00e3o Mateus do Sul"},"content":{"rendered":"\n<figure class=\"wp-block-image size-full\"><img decoding=\"async\" src=\"https:\/\/radiostudiow.com.br\/site\/wp-content\/uploads\/2022\/05\/NUTRI-MALLET.jpg\" alt=\"\" class=\"wp-image-7282\"\/><\/figure>\n\n\n\n<p>Um grave acidente foi registrado na noite desta sexta-feira, 20 de maio, na BR-476, Km 278, em frente a Ravato Diesel, em S\u00e3o Mateus do Sul.<\/p>\n\n\n\n<p>A colis\u00e3o envolveu uma caminhonete S10 de cor preta e uma carreta que \u00e9 utilizada para o transporte de toras por volta das 18:30 horas.<\/p>\n\n\n\n<p>No ve\u00edculo, estava o motorista e uma passageira, que foram desencarcerados pelo Corpo de Bombeiros. O idoso, que n\u00e3o teve a idade revelada, foi socorrido e encaminhado ao Pronto Atendimento Municipal. J\u00e1 a outra v\u00edtima, uma jovem que estava no banco do passageiro, foi socorrida pela equipe do SAMU e tamb\u00e9m foi levada ao PA.<\/p>\n\n\n\n<p>Segundo informa\u00e7\u00f5es, o caminh\u00e3o seguia sentido \u00e0 Uni\u00e3o da Vit\u00f3ria e a caminhonete vinha no sentido contr\u00e1rio. As causas do acidente ainda est\u00e3o sendo apuradas pela Pol\u00edcia Rodovi\u00e1ria Federal (PRF).<\/p>\n\n\n\n<figure class=\"wp-block-image size-full\"><img decoding=\"async\" src=\"https:\/\/radiostudiow.com.br\/site\/wp-content\/uploads\/2022\/04\/HF-MALLET.jpg\" alt=\"\" class=\"wp-image-7103\"\/><\/figure>\n","protected":false},"excerpt":{"rendered":"<p>Um grave acidente foi registrado na noite desta sexta-feira, 20 de maio, na BR-476, Km 278, em frente a Ravato Diesel, em S\u00e3o Mateus do Sul. A colis\u00e3o envolveu uma caminhonete S10 de cor preta e uma carreta que \u00e9 utilizada para o transporte de toras por volta das 18:30 horas. No ve\u00edculo, estava o [&hellip;]<\/p>\n","protected":false},"author":2,"featured_media":0,"comment_status":"open","ping_status":"open","sticky":false,"template":"","format":"standard","meta":{"footnotes":""},"categories":[2],"tags":[172],"class_list":["post-7456","post","type-post","status-publish","format-standard","hentry","category-policial","tag-featured"],"amp_enabled":true,"_links":{"self":[{"href":"https:\/\/radiostudiow.com.br\/site\/wp-json\/wp\/v2\/posts\/7456","targetHints":{"allow":["GET"]}}],"collection":[{"href":"https:\/\/radiostudiow.com.br\/site\/wp-json\/wp\/v2\/posts"}],"about":[{"href":"https:\/\/radiostudiow.com.br\/site\/wp-json\/wp\/v2\/types\/post"}],"author":[{"embeddable":true,"href":"https:\/\/radiostudiow.com.br\/site\/wp-json\/wp\/v2\/users\/2"}],"replies":[{"embeddable":true,"href":"https:\/\/radiostudiow.com.br\/site\/wp-json\/wp\/v2\/comments?post=7456"}],"version-history":[{"count":1,"href":"https:\/\/radiostudiow.com.br\/site\/wp-json\/wp\/v2\/posts\/7456\/revisions"}],"predecessor-version":[{"id":7458,"href":"https:\/\/radiostudiow.com.br\/site\/wp-json\/wp\/v2\/posts\/7456\/revisions\/7458"}],"wp:attachment":[{"href":"https:\/\/radiostudiow.com.br\/site\/wp-json\/wp\/v2\/media?parent=7456"}],"wp:term":[{"taxonomy":"category","embeddable":true,"href":"https:\/\/radiostudiow.com.br\/site\/wp-json\/wp\/v2\/categories?post=7456"},{"taxonomy":"post_tag","embeddable":true,"href":"https:\/\/radiostudiow.com.br\/site\/wp-json\/wp\/v2\/tags?post=7456"}],"curies":[{"name":"wp","href":"https:\/\/api.w.org\/{rel}","templated":true}]}}