{"id":7464,"date":"2022-05-21T13:02:23","date_gmt":"2022-05-21T16:02:23","guid":{"rendered":"https:\/\/radiostudiow.com.br\/site\/?p=7464"},"modified":"2025-01-31T15:10:07","modified_gmt":"2025-01-31T18:10:07","slug":"tragedia-crianca-de-2-anos-morre-carbonizada-dentro-de-guarda-roupa-em-incendio","status":"publish","type":"post","link":"https:\/\/radiostudiow.com.br\/site\/2022\/05\/21\/tragedia-crianca-de-2-anos-morre-carbonizada-dentro-de-guarda-roupa-em-incendio\/","title":{"rendered":"Trag\u00e9dia: CRIAN\u00c7A DE 2 ANOS MORRE CARBONIZADA DENTRO DE GUARDA ROUPA EM INC\u00caNDIO"},"content":{"rendered":"\n<figure class=\"wp-block-image size-large\"><img decoding=\"async\" src=\"https:\/\/radiostudiow.com.br\/site\/wp-content\/uploads\/2022\/05\/190504470_2926345644306594_6827123088034551019_n-1024x386.jpg\" alt=\"\" class=\"wp-image-7234\"\/><\/figure>\n\n\n\n<p>Uma menina de tr\u00eas anos morreu em inc\u00eandio que atingiu a casa onde morava com a fam\u00edlia, na noite desta sexta-feira (20), no bairro Cidade Jardim, em S\u00e3o Jos\u00e9 dos Pinhais, na regi\u00e3o metropolitana de Curitiba (RMC). Outras duas crian\u00e7as, que seriam irm\u00e3s da v\u00edtima, estavam na casa e foram salvas pela av\u00f3. Segundo o Corpo de Bombeiros, a pequena tentou se proteger do fogo e se escondeu dentro de um guarda-roupa e n\u00e3o foi achada.<\/p>\n\n\n\n<p>Sergio Gelinski, vizinho da resid\u00eancia atingida pelas chamas, disse que tentou socorrer a menina, mas n\u00e3o teve sucesso. Ele lamentou o caso.<\/p>\n\n\n\n<p><em>\u201cMe enrolei no cobertor, mas n\u00e3o consegui chegar no guarda-roupas onde a crian\u00e7a estava. N\u00e3o suportei chegar l\u00e1 por causa da fuma\u00e7a\u201d <strong>desabafou \u00e0 Banda B.<\/strong><\/em><\/p>\n\n\n\n<p>O vizinho disse ainda que tentou entrar no im\u00f3vel passados 15 minutos do inc\u00eandio come\u00e7ar. O tenente Trevisan, do Corpo de Bombeiros, classificou o caso como uma situa\u00e7\u00e3o triste.<\/p>\n\n\n\n<p><strong><em>\u201cInfelizmente\u201d<\/em>,<\/strong>\u00a0come\u00e7ou ele.<em>\u00a0<strong>\u201cN\u00e3o conseguimos apurar as causas do inc\u00eandio, s\u00f3 sabemos que o fogo aconteceu em apenas um c\u00f4modo: no quarto onde estava a v\u00edtima\u201d<\/strong><\/em>explicou.<\/p>\n\n\n\n<p>O local foi isolado para o trabalho do Instituto de Criminal\u00edstica (IC) e M\u00e9dico Legal (IML). Familiares da pequena dever\u00e3o prestar depoimento a Pol\u00edcia Civil, que ir\u00e1 abrir um inqu\u00e9rito para investigar o que levou a este inc\u00eandio nesta casa em S\u00e3o Jos\u00e9 dos Pinhais.<\/p>\n\n\n\n<figure class=\"wp-block-image size-full\"><img decoding=\"async\" src=\"https:\/\/radiostudiow.com.br\/site\/wp-content\/uploads\/2022\/05\/NUTRI-MALLET.jpg\" alt=\"\" class=\"wp-image-7282\"\/><\/figure>\n","protected":false},"excerpt":{"rendered":"<p>Uma menina de tr\u00eas anos morreu em inc\u00eandio que atingiu a casa onde morava com a fam\u00edlia, na noite desta sexta-feira (20), no bairro Cidade Jardim, em S\u00e3o Jos\u00e9 dos Pinhais, na regi\u00e3o metropolitana de Curitiba (RMC). Outras duas crian\u00e7as, que seriam irm\u00e3s da v\u00edtima, estavam na casa e foram salvas pela av\u00f3. Segundo o [&hellip;]<\/p>\n","protected":false},"author":2,"featured_media":0,"comment_status":"open","ping_status":"open","sticky":false,"template":"","format":"standard","meta":{"footnotes":""},"categories":[2],"tags":[172],"class_list":["post-7464","post","type-post","status-publish","format-standard","hentry","category-policial","tag-featured"],"amp_enabled":true,"_links":{"self":[{"href":"https:\/\/radiostudiow.com.br\/site\/wp-json\/wp\/v2\/posts\/7464","targetHints":{"allow":["GET"]}}],"collection":[{"href":"https:\/\/radiostudiow.com.br\/site\/wp-json\/wp\/v2\/posts"}],"about":[{"href":"https:\/\/radiostudiow.com.br\/site\/wp-json\/wp\/v2\/types\/post"}],"author":[{"embeddable":true,"href":"https:\/\/radiostudiow.com.br\/site\/wp-json\/wp\/v2\/users\/2"}],"replies":[{"embeddable":true,"href":"https:\/\/radiostudiow.com.br\/site\/wp-json\/wp\/v2\/comments?post=7464"}],"version-history":[{"count":1,"href":"https:\/\/radiostudiow.com.br\/site\/wp-json\/wp\/v2\/posts\/7464\/revisions"}],"predecessor-version":[{"id":7466,"href":"https:\/\/radiostudiow.com.br\/site\/wp-json\/wp\/v2\/posts\/7464\/revisions\/7466"}],"wp:attachment":[{"href":"https:\/\/radiostudiow.com.br\/site\/wp-json\/wp\/v2\/media?parent=7464"}],"wp:term":[{"taxonomy":"category","embeddable":true,"href":"https:\/\/radiostudiow.com.br\/site\/wp-json\/wp\/v2\/categories?post=7464"},{"taxonomy":"post_tag","embeddable":true,"href":"https:\/\/radiostudiow.com.br\/site\/wp-json\/wp\/v2\/tags?post=7464"}],"curies":[{"name":"wp","href":"https:\/\/api.w.org\/{rel}","templated":true}]}}