{"id":7468,"date":"2022-05-21T22:22:50","date_gmt":"2022-05-22T01:22:50","guid":{"rendered":"https:\/\/radiostudiow.com.br\/site\/?p=7468"},"modified":"2025-01-31T15:10:07","modified_gmt":"2025-01-31T18:10:07","slug":"acidente-na-br-373-em-guamiranga-envolve-um-carro-e-um-caminhao","status":"publish","type":"post","link":"https:\/\/radiostudiow.com.br\/site\/2022\/05\/21\/acidente-na-br-373-em-guamiranga-envolve-um-carro-e-um-caminhao\/","title":{"rendered":"Acidente na BR 373 em Guamiranga envolve um carro e um caminh\u00e3o"},"content":{"rendered":"\n<p>Na manh\u00e3 deste s\u00e1bado (21), por volta das 07:00 horas no km 249 da BR 373, em Guamiranga, ocorreu um acidente tipo colis\u00e3o lateral envolvendo um bitrem, com placas de Curitiba, e um Fiat\/Palio, com placas de Tel\u00eamaco Borba. <\/p>\n\n\n\n<p>O bitrem deslocava sentido Prudent\u00f3polis e o Palio no sentido contr\u00e1rio quando este \u00faltimo invadiu a pista contr\u00e1ria. <\/p>\n\n\n\n<figure class=\"wp-block-image size-full\"><img decoding=\"async\" src=\"https:\/\/radiostudiow.com.br\/site\/wp-content\/uploads\/2022\/03\/SICREDI.jpg\" alt=\"\" class=\"wp-image-6409\"\/><\/figure>\n\n\n\n<p>O condutor do bitrem conseguiu desviar o cavalo trator, mas o Palio ainda atingiu o rodado do semirreboque.<\/p>\n\n\n\n<p>O condutor do bitrem, masculino de 46 anos, saiu ileso e testou negativo para o consumo de \u00e1lcool. J\u00e1 o condutor e \u00fanico ocupante do Palio, masculino de 27 anos, foi encaminhado com les\u00f5es graves ao Hospital Sagrado Cora\u00e7\u00e3o de Jesus de Prudent\u00f3polis pelos Bombeiros, n\u00e3o sendo poss\u00edvel o teste de etil\u00f4metro. Tamb\u00e9m foi constatado que este \u00faltimo n\u00e3o \u00e9 habilitado.<\/p>\n\n\n\n<p>Informa\u00e7\u00e3o e Imagens PRF<\/p>\n\n\n\n<p>Colabora\u00e7\u00e3o Rep\u00f3rter kiko de Oliveira<\/p>\n\n\n\n<figure class=\"wp-block-image size-full\"><img decoding=\"async\" src=\"https:\/\/radiostudiow.com.br\/site\/wp-content\/uploads\/2022\/05\/vem_ai.jpg\" alt=\"\" class=\"wp-image-7348\"\/><\/figure>\n\n\n\n<figure class=\"wp-block-gallery has-nested-images columns-default is-cropped wp-block-gallery-1 is-layout-flex wp-block-gallery-is-layout-flex\">\n<figure class=\"wp-block-image size-large\"><img decoding=\"async\" data-id=\"7472\" src=\"https:\/\/radiostudiow.com.br\/site\/wp-content\/uploads\/2022\/05\/IMG-20220521-WA0017-1024x484.jpg\" alt=\"\" class=\"wp-image-7472\"\/><\/figure>\n\n\n\n<figure class=\"wp-block-image size-large\"><img decoding=\"async\" data-id=\"7473\" src=\"https:\/\/radiostudiow.com.br\/site\/wp-content\/uploads\/2022\/05\/IMG-20220521-WA0016-1024x484.jpg\" alt=\"\" class=\"wp-image-7473\"\/><\/figure>\n\n\n\n<figure class=\"wp-block-image size-large\"><img decoding=\"async\" data-id=\"7471\" src=\"https:\/\/radiostudiow.com.br\/site\/wp-content\/uploads\/2022\/05\/IMG-20220521-WA0018-1-1024x484.jpg\" alt=\"\" class=\"wp-image-7471\"\/><\/figure>\n<\/figure>\n\n\n\n<p><\/p>\n","protected":false},"excerpt":{"rendered":"<p>Na manh\u00e3 deste s\u00e1bado (21), por volta das 07:00 horas no km 249 da BR 373, em Guamiranga, ocorreu um acidente tipo colis\u00e3o lateral envolvendo um bitrem, com placas de Curitiba, e um Fiat\/Palio, com placas de Tel\u00eamaco Borba. O bitrem deslocava sentido Prudent\u00f3polis e o Palio no sentido contr\u00e1rio quando este \u00faltimo invadiu a [&hellip;]<\/p>\n","protected":false},"author":2,"featured_media":0,"comment_status":"open","ping_status":"open","sticky":false,"template":"","format":"standard","meta":{"footnotes":""},"categories":[2],"tags":[172],"class_list":["post-7468","post","type-post","status-publish","format-standard","hentry","category-policial","tag-featured"],"amp_enabled":true,"_links":{"self":[{"href":"https:\/\/radiostudiow.com.br\/site\/wp-json\/wp\/v2\/posts\/7468","targetHints":{"allow":["GET"]}}],"collection":[{"href":"https:\/\/radiostudiow.com.br\/site\/wp-json\/wp\/v2\/posts"}],"about":[{"href":"https:\/\/radiostudiow.com.br\/site\/wp-json\/wp\/v2\/types\/post"}],"author":[{"embeddable":true,"href":"https:\/\/radiostudiow.com.br\/site\/wp-json\/wp\/v2\/users\/2"}],"replies":[{"embeddable":true,"href":"https:\/\/radiostudiow.com.br\/site\/wp-json\/wp\/v2\/comments?post=7468"}],"version-history":[{"count":2,"href":"https:\/\/radiostudiow.com.br\/site\/wp-json\/wp\/v2\/posts\/7468\/revisions"}],"predecessor-version":[{"id":7476,"href":"https:\/\/radiostudiow.com.br\/site\/wp-json\/wp\/v2\/posts\/7468\/revisions\/7476"}],"wp:attachment":[{"href":"https:\/\/radiostudiow.com.br\/site\/wp-json\/wp\/v2\/media?parent=7468"}],"wp:term":[{"taxonomy":"category","embeddable":true,"href":"https:\/\/radiostudiow.com.br\/site\/wp-json\/wp\/v2\/categories?post=7468"},{"taxonomy":"post_tag","embeddable":true,"href":"https:\/\/radiostudiow.com.br\/site\/wp-json\/wp\/v2\/tags?post=7468"}],"curies":[{"name":"wp","href":"https:\/\/api.w.org\/{rel}","templated":true}]}}