{"id":7477,"date":"2022-05-21T22:30:53","date_gmt":"2022-05-22T01:30:53","guid":{"rendered":"https:\/\/radiostudiow.com.br\/site\/?p=7477"},"modified":"2025-01-31T15:10:07","modified_gmt":"2025-01-31T18:10:07","slug":"grave-acidente-na-br-277-em-fernandes-pinheiro-tira-a-vida-de-um-casal","status":"publish","type":"post","link":"https:\/\/radiostudiow.com.br\/site\/2022\/05\/21\/grave-acidente-na-br-277-em-fernandes-pinheiro-tira-a-vida-de-um-casal\/","title":{"rendered":"Grave acidente na BR-277 em Fernandes Pinheiro, tira a vida de um casal"},"content":{"rendered":"\n<p>Na tarde deste s\u00e1bado (21), por volta das 15:30 horas, um  acidente no KM 236 da BR-277, pr\u00f3ximo a divisa das cidades de Fernandes Pinheiro e Irati, acabou fazendo duas v\u00edtimas fatais, sendo um homem e uma mulher de aproximadamente 40 anos.<\/p>\n\n\n\n<p>Uma pessoa em estado leve e mais duas em estado grave, foram  encaminhadas para o Hospital de Irati.<\/p>\n\n\n\n<figure class=\"wp-block-image size-full\"><img decoding=\"async\" src=\"https:\/\/radiostudiow.com.br\/site\/wp-content\/uploads\/2021\/08\/240387432_2992083691066122_4820772207429196742_n.jpg\" alt=\"\" class=\"wp-image-3380\"\/><\/figure>\n\n\n\n<p>Os ve\u00edculos, 01 caminhonete FORD\/Ranger e 01 FIAT\/Uno, ambos com placas do Mercosul, ap\u00f3s o impacto ficaram fora da pista, e com isso o fluxo ficou normal em ambos os sentidos.<\/p>\n\n\n\n<p>O local foi sinalizado e o IML e a pol\u00edcia civil foram acionados.<\/p>\n\n\n\n<p>Informa\u00e7\u00e3o e Imagem PRF<\/p>\n\n\n\n<p>Colabora\u00e7\u00e3o Rep\u00f3rter kiko de Oliveira<\/p>\n\n\n\n<figure class=\"wp-block-image size-full\"><img decoding=\"async\" src=\"https:\/\/radiostudiow.com.br\/site\/wp-content\/uploads\/2022\/05\/WRNET.jpg\" alt=\"\" class=\"wp-image-7328\"\/><\/figure>\n","protected":false},"excerpt":{"rendered":"<p>Na tarde deste s\u00e1bado (21), por volta das 15:30 horas, um acidente no KM 236 da BR-277, pr\u00f3ximo a divisa das cidades de Fernandes Pinheiro e Irati, acabou fazendo duas v\u00edtimas fatais, sendo um homem e uma mulher de aproximadamente 40 anos. Uma pessoa em estado leve e mais duas em estado grave, foram encaminhadas [&hellip;]<\/p>\n","protected":false},"author":2,"featured_media":0,"comment_status":"open","ping_status":"open","sticky":false,"template":"","format":"standard","meta":{"footnotes":""},"categories":[2],"tags":[172],"class_list":["post-7477","post","type-post","status-publish","format-standard","hentry","category-policial","tag-featured"],"amp_enabled":true,"_links":{"self":[{"href":"https:\/\/radiostudiow.com.br\/site\/wp-json\/wp\/v2\/posts\/7477","targetHints":{"allow":["GET"]}}],"collection":[{"href":"https:\/\/radiostudiow.com.br\/site\/wp-json\/wp\/v2\/posts"}],"about":[{"href":"https:\/\/radiostudiow.com.br\/site\/wp-json\/wp\/v2\/types\/post"}],"author":[{"embeddable":true,"href":"https:\/\/radiostudiow.com.br\/site\/wp-json\/wp\/v2\/users\/2"}],"replies":[{"embeddable":true,"href":"https:\/\/radiostudiow.com.br\/site\/wp-json\/wp\/v2\/comments?post=7477"}],"version-history":[{"count":1,"href":"https:\/\/radiostudiow.com.br\/site\/wp-json\/wp\/v2\/posts\/7477\/revisions"}],"predecessor-version":[{"id":7478,"href":"https:\/\/radiostudiow.com.br\/site\/wp-json\/wp\/v2\/posts\/7477\/revisions\/7478"}],"wp:attachment":[{"href":"https:\/\/radiostudiow.com.br\/site\/wp-json\/wp\/v2\/media?parent=7477"}],"wp:term":[{"taxonomy":"category","embeddable":true,"href":"https:\/\/radiostudiow.com.br\/site\/wp-json\/wp\/v2\/categories?post=7477"},{"taxonomy":"post_tag","embeddable":true,"href":"https:\/\/radiostudiow.com.br\/site\/wp-json\/wp\/v2\/tags?post=7477"}],"curies":[{"name":"wp","href":"https:\/\/api.w.org\/{rel}","templated":true}]}}