{"id":7480,"date":"2022-05-23T11:17:45","date_gmt":"2022-05-23T14:17:45","guid":{"rendered":"https:\/\/radiostudiow.com.br\/site\/?p=7480"},"modified":"2025-01-31T15:10:07","modified_gmt":"2025-01-31T18:10:07","slug":"pm-registra-acidente-de-transito-na-colonia-charqueada","status":"publish","type":"post","link":"https:\/\/radiostudiow.com.br\/site\/2022\/05\/23\/pm-registra-acidente-de-transito-na-colonia-charqueada\/","title":{"rendered":"PM registra acidente de transito na Col\u00f4nia Charqueada"},"content":{"rendered":"\n<figure class=\"wp-block-image size-full\"><img decoding=\"async\" src=\"https:\/\/radiostudiow.com.br\/site\/wp-content\/uploads\/2022\/05\/vem_ai.jpg\" alt=\"\" class=\"wp-image-7348\"\/><\/figure>\n\n\n\n<p>Pol\u00edcia Militar de Mallet atendeu um acidente de tr\u00e2nsito na localidade da Col\u00f4nia Charqueada por volta das 16:00 horas deste s\u00e1bado (21).<\/p>\n\n\n\n<p>De acordo com o relat\u00f3rio policial, o acidente envolveu um ve\u00edculo marca Toyota Modelo Hilux que colidiu na traseira do ve\u00edculo Marca Ford Modelo Fiesta causando danos.<\/p>\n\n\n\n<p>Foi constatado atrav\u00e9s de teste etilom\u00e9trico que o condutor do Toyota estava embriagado.<\/p>\n\n\n\n<p>Diante da situa\u00e7\u00e3o foi lavrados os autos de infra\u00e7\u00e3o e as providencias cab\u00edveis.<\/p>\n\n\n\n<figure class=\"wp-block-image size-full\"><img decoding=\"async\" src=\"https:\/\/radiostudiow.com.br\/site\/wp-content\/uploads\/2022\/05\/NUTRI-MALLET.jpg\" alt=\"\" class=\"wp-image-7282\"\/><\/figure>\n","protected":false},"excerpt":{"rendered":"<p>Pol\u00edcia Militar de Mallet atendeu um acidente de tr\u00e2nsito na localidade da Col\u00f4nia Charqueada por volta das 16:00 horas deste s\u00e1bado (21). De acordo com o relat\u00f3rio policial, o acidente envolveu um ve\u00edculo marca Toyota Modelo Hilux que colidiu na traseira do ve\u00edculo Marca Ford Modelo Fiesta causando danos. Foi constatado atrav\u00e9s de teste etilom\u00e9trico [&hellip;]<\/p>\n","protected":false},"author":2,"featured_media":6361,"comment_status":"open","ping_status":"open","sticky":false,"template":"","format":"standard","meta":{"footnotes":""},"categories":[2],"tags":[172],"class_list":["post-7480","post","type-post","status-publish","format-standard","has-post-thumbnail","hentry","category-policial","tag-featured"],"amp_enabled":true,"_links":{"self":[{"href":"https:\/\/radiostudiow.com.br\/site\/wp-json\/wp\/v2\/posts\/7480","targetHints":{"allow":["GET"]}}],"collection":[{"href":"https:\/\/radiostudiow.com.br\/site\/wp-json\/wp\/v2\/posts"}],"about":[{"href":"https:\/\/radiostudiow.com.br\/site\/wp-json\/wp\/v2\/types\/post"}],"author":[{"embeddable":true,"href":"https:\/\/radiostudiow.com.br\/site\/wp-json\/wp\/v2\/users\/2"}],"replies":[{"embeddable":true,"href":"https:\/\/radiostudiow.com.br\/site\/wp-json\/wp\/v2\/comments?post=7480"}],"version-history":[{"count":2,"href":"https:\/\/radiostudiow.com.br\/site\/wp-json\/wp\/v2\/posts\/7480\/revisions"}],"predecessor-version":[{"id":7482,"href":"https:\/\/radiostudiow.com.br\/site\/wp-json\/wp\/v2\/posts\/7480\/revisions\/7482"}],"wp:featuredmedia":[{"embeddable":true,"href":"https:\/\/radiostudiow.com.br\/site\/wp-json\/wp\/v2\/media\/6361"}],"wp:attachment":[{"href":"https:\/\/radiostudiow.com.br\/site\/wp-json\/wp\/v2\/media?parent=7480"}],"wp:term":[{"taxonomy":"category","embeddable":true,"href":"https:\/\/radiostudiow.com.br\/site\/wp-json\/wp\/v2\/categories?post=7480"},{"taxonomy":"post_tag","embeddable":true,"href":"https:\/\/radiostudiow.com.br\/site\/wp-json\/wp\/v2\/tags?post=7480"}],"curies":[{"name":"wp","href":"https:\/\/api.w.org\/{rel}","templated":true}]}}