{"id":7498,"date":"2022-05-24T13:04:06","date_gmt":"2022-05-24T16:04:06","guid":{"rendered":"https:\/\/radiostudiow.com.br\/site\/?p=7498"},"modified":"2025-01-31T15:10:07","modified_gmt":"2025-01-31T18:10:07","slug":"pm-de-mallet-prende-homem-com-mandado-judicial","status":"publish","type":"post","link":"https:\/\/radiostudiow.com.br\/site\/2022\/05\/24\/pm-de-mallet-prende-homem-com-mandado-judicial\/","title":{"rendered":"PM de Mallet prende homem com Mandado Judicial"},"content":{"rendered":"\n<figure class=\"wp-block-image size-full\"><img decoding=\"async\" src=\"https:\/\/radiostudiow.com.br\/site\/wp-content\/uploads\/2022\/05\/NUTRI-MALLET.jpg\" alt=\"\" class=\"wp-image-7282\"\/><\/figure>\n\n\n\n<p>A equipe da Pol\u00edcia Militar de Mallet estava realizando patrulhamento pela rua Estevan Baran, no Conjunto Irm\u00e3 Dulci quando foi abordado um homem em atitude suspeito. A situa\u00e7\u00e3o ocorreu por volta das 14:20 horas deste domingo (22).<\/p>\n\n\n\n<p>Em revista pessoal nada de il\u00edcito foi encontrado com o mesmo, em consulta ao banco nacional de mandado de pris\u00e3o (CNJ) foi encontrado em desfavor do mesmo um mandado de pris\u00e3o da comarca de Porto Uni\u00e3o.<\/p>\n\n\n\n<p>Diante da situa\u00e7\u00e3o foi lido seu direito constitucional apresentado o mandado de pris\u00e3o e dado voz de pris\u00e3o. Posteriormente deslocado at\u00e9 o IML de Porto Uni\u00e3o para realiza\u00e7\u00e3o de laudo de les\u00f5es corporais e entregue na unidade prisional avan\u00e7ada.<\/p>\n\n\n\n<figure class=\"wp-block-image size-full\"><img decoding=\"async\" src=\"https:\/\/radiostudiow.com.br\/site\/wp-content\/uploads\/2022\/03\/240387432_2992083691066122_4820772207429196742_n.jpg\" alt=\"\" class=\"wp-image-6405\"\/><\/figure>\n","protected":false},"excerpt":{"rendered":"<p>A equipe da Pol\u00edcia Militar de Mallet estava realizando patrulhamento pela rua Estevan Baran, no Conjunto Irm\u00e3 Dulci quando foi abordado um homem em atitude suspeito. A situa\u00e7\u00e3o ocorreu por volta das 14:20 horas deste domingo (22). Em revista pessoal nada de il\u00edcito foi encontrado com o mesmo, em consulta ao banco nacional de mandado [&hellip;]<\/p>\n","protected":false},"author":2,"featured_media":6388,"comment_status":"open","ping_status":"open","sticky":false,"template":"","format":"standard","meta":{"footnotes":""},"categories":[2],"tags":[172],"class_list":["post-7498","post","type-post","status-publish","format-standard","has-post-thumbnail","hentry","category-policial","tag-featured"],"amp_enabled":true,"_links":{"self":[{"href":"https:\/\/radiostudiow.com.br\/site\/wp-json\/wp\/v2\/posts\/7498","targetHints":{"allow":["GET"]}}],"collection":[{"href":"https:\/\/radiostudiow.com.br\/site\/wp-json\/wp\/v2\/posts"}],"about":[{"href":"https:\/\/radiostudiow.com.br\/site\/wp-json\/wp\/v2\/types\/post"}],"author":[{"embeddable":true,"href":"https:\/\/radiostudiow.com.br\/site\/wp-json\/wp\/v2\/users\/2"}],"replies":[{"embeddable":true,"href":"https:\/\/radiostudiow.com.br\/site\/wp-json\/wp\/v2\/comments?post=7498"}],"version-history":[{"count":2,"href":"https:\/\/radiostudiow.com.br\/site\/wp-json\/wp\/v2\/posts\/7498\/revisions"}],"predecessor-version":[{"id":7502,"href":"https:\/\/radiostudiow.com.br\/site\/wp-json\/wp\/v2\/posts\/7498\/revisions\/7502"}],"wp:featuredmedia":[{"embeddable":true,"href":"https:\/\/radiostudiow.com.br\/site\/wp-json\/wp\/v2\/media\/6388"}],"wp:attachment":[{"href":"https:\/\/radiostudiow.com.br\/site\/wp-json\/wp\/v2\/media?parent=7498"}],"wp:term":[{"taxonomy":"category","embeddable":true,"href":"https:\/\/radiostudiow.com.br\/site\/wp-json\/wp\/v2\/categories?post=7498"},{"taxonomy":"post_tag","embeddable":true,"href":"https:\/\/radiostudiow.com.br\/site\/wp-json\/wp\/v2\/tags?post=7498"}],"curies":[{"name":"wp","href":"https:\/\/api.w.org\/{rel}","templated":true}]}}