{"id":7500,"date":"2022-05-24T12:18:42","date_gmt":"2022-05-24T15:18:42","guid":{"rendered":"https:\/\/radiostudiow.com.br\/site\/?p=7500"},"modified":"2025-01-31T15:10:07","modified_gmt":"2025-01-31T18:10:07","slug":"janelas-e-portas-de-aluminio-sao-furtados-de-barracao","status":"publish","type":"post","link":"https:\/\/radiostudiow.com.br\/site\/2022\/05\/24\/janelas-e-portas-de-aluminio-sao-furtados-de-barracao\/","title":{"rendered":"Janelas e portas de alum\u00ednio s\u00e3o furtados de barrac\u00e3o"},"content":{"rendered":"\n<figure class=\"wp-block-image size-full\"><img decoding=\"async\" src=\"https:\/\/radiostudiow.com.br\/site\/wp-content\/uploads\/2022\/04\/HF-MALLET.jpg\" alt=\"\" class=\"wp-image-7103\"\/><\/figure>\n\n\n\n<p>Por volta das 11:00 horas desta segunda \u2013 feira, 23 de maio, um homem compareceu ao Pelot\u00e3o da Pol\u00edcia Militar de Cruz Machado relatando uma situa\u00e7\u00e3o de furto.<\/p>\n\n\n\n<p>De acordo com o solicitante, furtaram de seu barrac\u00e3o diversas portas e janelas,&nbsp; as quais o material s\u00e3o de alum\u00ednio. N\u00e3o t\u00eam suspeitos at\u00e9 o momento<\/p>\n\n\n\n<p>A propriedade da v\u00edtima \u00e9 localizada na PR \u2013 447, e foram furtados no total de 6 (seis) portas e janelas.<\/p>\n\n\n\n<p>Diante da situa\u00e7\u00e3o o solicitante foi orientado quanto aos procedimentos cab\u00edveis.<\/p>\n\n\n\n<figure class=\"wp-block-image size-full\"><img decoding=\"async\" src=\"https:\/\/radiostudiow.com.br\/site\/wp-content\/uploads\/2022\/05\/vem_ai.jpg\" alt=\"\" class=\"wp-image-7348\"\/><\/figure>\n","protected":false},"excerpt":{"rendered":"<p>Por volta das 11:00 horas desta segunda \u2013 feira, 23 de maio, um homem compareceu ao Pelot\u00e3o da Pol\u00edcia Militar de Cruz Machado relatando uma situa\u00e7\u00e3o de furto. De acordo com o solicitante, furtaram de seu barrac\u00e3o diversas portas e janelas,&nbsp; as quais o material s\u00e3o de alum\u00ednio. N\u00e3o t\u00eam suspeitos at\u00e9 o momento A [&hellip;]<\/p>\n","protected":false},"author":2,"featured_media":6780,"comment_status":"open","ping_status":"open","sticky":false,"template":"","format":"standard","meta":{"footnotes":""},"categories":[2],"tags":[172],"class_list":["post-7500","post","type-post","status-publish","format-standard","has-post-thumbnail","hentry","category-policial","tag-featured"],"amp_enabled":true,"_links":{"self":[{"href":"https:\/\/radiostudiow.com.br\/site\/wp-json\/wp\/v2\/posts\/7500","targetHints":{"allow":["GET"]}}],"collection":[{"href":"https:\/\/radiostudiow.com.br\/site\/wp-json\/wp\/v2\/posts"}],"about":[{"href":"https:\/\/radiostudiow.com.br\/site\/wp-json\/wp\/v2\/types\/post"}],"author":[{"embeddable":true,"href":"https:\/\/radiostudiow.com.br\/site\/wp-json\/wp\/v2\/users\/2"}],"replies":[{"embeddable":true,"href":"https:\/\/radiostudiow.com.br\/site\/wp-json\/wp\/v2\/comments?post=7500"}],"version-history":[{"count":1,"href":"https:\/\/radiostudiow.com.br\/site\/wp-json\/wp\/v2\/posts\/7500\/revisions"}],"predecessor-version":[{"id":7501,"href":"https:\/\/radiostudiow.com.br\/site\/wp-json\/wp\/v2\/posts\/7500\/revisions\/7501"}],"wp:featuredmedia":[{"embeddable":true,"href":"https:\/\/radiostudiow.com.br\/site\/wp-json\/wp\/v2\/media\/6780"}],"wp:attachment":[{"href":"https:\/\/radiostudiow.com.br\/site\/wp-json\/wp\/v2\/media?parent=7500"}],"wp:term":[{"taxonomy":"category","embeddable":true,"href":"https:\/\/radiostudiow.com.br\/site\/wp-json\/wp\/v2\/categories?post=7500"},{"taxonomy":"post_tag","embeddable":true,"href":"https:\/\/radiostudiow.com.br\/site\/wp-json\/wp\/v2\/tags?post=7500"}],"curies":[{"name":"wp","href":"https:\/\/api.w.org\/{rel}","templated":true}]}}