{"id":7510,"date":"2022-05-24T17:35:03","date_gmt":"2022-05-24T20:35:03","guid":{"rendered":"https:\/\/radiostudiow.com.br\/site\/?p=7510"},"modified":"2025-01-31T15:10:07","modified_gmt":"2025-01-31T18:10:07","slug":"corpo-de-bombeiros-localiza-corpo-de-homem-que-se-afogou-nas-aguas-do-rio-potinga","status":"publish","type":"post","link":"https:\/\/radiostudiow.com.br\/site\/2022\/05\/24\/corpo-de-bombeiros-localiza-corpo-de-homem-que-se-afogou-nas-aguas-do-rio-potinga\/","title":{"rendered":"Corpo de Bombeiros localiza corpo de homem que se afogou nas \u00e1guas do Rio Potinga"},"content":{"rendered":"\n<figure class=\"wp-block-image size-full\"><img decoding=\"async\" src=\"https:\/\/radiostudiow.com.br\/site\/wp-content\/uploads\/2022\/05\/NUTRI-MALLET.jpg\" alt=\"\" class=\"wp-image-7282\"\/><\/figure>\n\n\n\n<p>O corpo de Dirceu Jacinto dos Santos,\u00a0que morreu ap\u00f3s cair nas \u00e1guas do Rio Potinga na noite deste s\u00e1bado (21), foi localizado pelo Corpo de Bombeiros na tarde deste domingo (22).<\/p>\n\n\n\n<p>A equipe fez localiza\u00e7\u00e3o, atrav\u00e9s de um trabalho intenso de mergulhos, onde o homem foi encontrado no fundo do rio, preso aos galhos.<\/p>\n\n\n\n<p>O Instituto M\u00e9dico Legal (IML) de Uni\u00e3o da Vit\u00f3ria foi acionado para fazer o recolhimento do corpo.<\/p>\n\n\n\n<p>Dirceu \u00e9 morador de Rio Azul, e estava com um grupo de pescadores em uma embarca\u00e7\u00e3o de madeira, que acabou virando e causando o desaparecimento do homem.<\/p>\n\n\n\n<figure class=\"wp-block-image size-full\"><img decoding=\"async\" src=\"https:\/\/radiostudiow.com.br\/site\/wp-content\/uploads\/2022\/04\/WRNET.jpg\" alt=\"\" class=\"wp-image-7082\"\/><\/figure>\n","protected":false},"excerpt":{"rendered":"<p>O corpo de Dirceu Jacinto dos Santos,\u00a0que morreu ap\u00f3s cair nas \u00e1guas do Rio Potinga na noite deste s\u00e1bado (21), foi localizado pelo Corpo de Bombeiros na tarde deste domingo (22). A equipe fez localiza\u00e7\u00e3o, atrav\u00e9s de um trabalho intenso de mergulhos, onde o homem foi encontrado no fundo do rio, preso aos galhos. O [&hellip;]<\/p>\n","protected":false},"author":2,"featured_media":6998,"comment_status":"open","ping_status":"open","sticky":false,"template":"","format":"standard","meta":{"footnotes":""},"categories":[2],"tags":[172],"class_list":["post-7510","post","type-post","status-publish","format-standard","has-post-thumbnail","hentry","category-policial","tag-featured"],"amp_enabled":true,"_links":{"self":[{"href":"https:\/\/radiostudiow.com.br\/site\/wp-json\/wp\/v2\/posts\/7510","targetHints":{"allow":["GET"]}}],"collection":[{"href":"https:\/\/radiostudiow.com.br\/site\/wp-json\/wp\/v2\/posts"}],"about":[{"href":"https:\/\/radiostudiow.com.br\/site\/wp-json\/wp\/v2\/types\/post"}],"author":[{"embeddable":true,"href":"https:\/\/radiostudiow.com.br\/site\/wp-json\/wp\/v2\/users\/2"}],"replies":[{"embeddable":true,"href":"https:\/\/radiostudiow.com.br\/site\/wp-json\/wp\/v2\/comments?post=7510"}],"version-history":[{"count":1,"href":"https:\/\/radiostudiow.com.br\/site\/wp-json\/wp\/v2\/posts\/7510\/revisions"}],"predecessor-version":[{"id":7512,"href":"https:\/\/radiostudiow.com.br\/site\/wp-json\/wp\/v2\/posts\/7510\/revisions\/7512"}],"wp:featuredmedia":[{"embeddable":true,"href":"https:\/\/radiostudiow.com.br\/site\/wp-json\/wp\/v2\/media\/6998"}],"wp:attachment":[{"href":"https:\/\/radiostudiow.com.br\/site\/wp-json\/wp\/v2\/media?parent=7510"}],"wp:term":[{"taxonomy":"category","embeddable":true,"href":"https:\/\/radiostudiow.com.br\/site\/wp-json\/wp\/v2\/categories?post=7510"},{"taxonomy":"post_tag","embeddable":true,"href":"https:\/\/radiostudiow.com.br\/site\/wp-json\/wp\/v2\/tags?post=7510"}],"curies":[{"name":"wp","href":"https:\/\/api.w.org\/{rel}","templated":true}]}}