{"id":7514,"date":"2022-05-25T11:32:55","date_gmt":"2022-05-25T14:32:55","guid":{"rendered":"https:\/\/radiostudiow.com.br\/site\/?p=7514"},"modified":"2025-01-31T15:10:07","modified_gmt":"2025-01-31T18:10:07","slug":"motociclista-e-atendido-pelos-bombeiros-de-sao-mateus-do-sul-apos-colisao-na-br-476","status":"publish","type":"post","link":"https:\/\/radiostudiow.com.br\/site\/2022\/05\/25\/motociclista-e-atendido-pelos-bombeiros-de-sao-mateus-do-sul-apos-colisao-na-br-476\/","title":{"rendered":"Motociclista \u00e9 atendido pelos Bombeiros de S\u00e3o Mateus do Sul ap\u00f3s colis\u00e3o na BR-476"},"content":{"rendered":"\n<figure class=\"wp-block-image size-full\"><img decoding=\"async\" src=\"https:\/\/radiostudiow.com.br\/site\/wp-content\/uploads\/2022\/05\/NUTRI-MALLET.jpg\" alt=\"\" class=\"wp-image-7282\"\/><\/figure>\n\n\n\n<p>O Corpo de Bombeiros de S\u00e3o Mateus do Sul prestou atendimento por volta das 08:00 horas desta quarta-feira, 25 de maio, a um acidente do tipo colis\u00e3o envolvendo uma motocicleta e um ve\u00edculo na BR-476, pr\u00f3ximo ao Restaurante Veneza.<\/p>\n\n\n\n<p>No local o motociclista de 23 anos apresentava diversas escoria\u00e7\u00f5es, estava consciente, orientado e foi atendido com suspeita de fratura no tornozelo esquerdo.<\/p>\n\n\n\n<p>O condutor do ve\u00edculo n\u00e3o sofreu ferimentos e permaneceu no local.<\/p>\n\n\n\n<p>Motociclista foi encaminhado ao Pronto Atendimento Municipal. PRF tamb\u00e9m foi acionada para apurar as causas do acidente.<\/p>\n\n\n\n<figure class=\"wp-block-image size-large\"><img decoding=\"async\" src=\"https:\/\/radiostudiow.com.br\/site\/wp-content\/uploads\/2022\/05\/190504470_2926345644306594_6827123088034551019_n-1024x386.jpg\" alt=\"\" class=\"wp-image-7234\"\/><\/figure>\n","protected":false},"excerpt":{"rendered":"<p>O Corpo de Bombeiros de S\u00e3o Mateus do Sul prestou atendimento por volta das 08:00 horas desta quarta-feira, 25 de maio, a um acidente do tipo colis\u00e3o envolvendo uma motocicleta e um ve\u00edculo na BR-476, pr\u00f3ximo ao Restaurante Veneza. No local o motociclista de 23 anos apresentava diversas escoria\u00e7\u00f5es, estava consciente, orientado e foi atendido [&hellip;]<\/p>\n","protected":false},"author":2,"featured_media":6968,"comment_status":"open","ping_status":"open","sticky":false,"template":"","format":"standard","meta":{"footnotes":""},"categories":[2],"tags":[172],"class_list":["post-7514","post","type-post","status-publish","format-standard","has-post-thumbnail","hentry","category-policial","tag-featured"],"amp_enabled":true,"_links":{"self":[{"href":"https:\/\/radiostudiow.com.br\/site\/wp-json\/wp\/v2\/posts\/7514","targetHints":{"allow":["GET"]}}],"collection":[{"href":"https:\/\/radiostudiow.com.br\/site\/wp-json\/wp\/v2\/posts"}],"about":[{"href":"https:\/\/radiostudiow.com.br\/site\/wp-json\/wp\/v2\/types\/post"}],"author":[{"embeddable":true,"href":"https:\/\/radiostudiow.com.br\/site\/wp-json\/wp\/v2\/users\/2"}],"replies":[{"embeddable":true,"href":"https:\/\/radiostudiow.com.br\/site\/wp-json\/wp\/v2\/comments?post=7514"}],"version-history":[{"count":1,"href":"https:\/\/radiostudiow.com.br\/site\/wp-json\/wp\/v2\/posts\/7514\/revisions"}],"predecessor-version":[{"id":7517,"href":"https:\/\/radiostudiow.com.br\/site\/wp-json\/wp\/v2\/posts\/7514\/revisions\/7517"}],"wp:featuredmedia":[{"embeddable":true,"href":"https:\/\/radiostudiow.com.br\/site\/wp-json\/wp\/v2\/media\/6968"}],"wp:attachment":[{"href":"https:\/\/radiostudiow.com.br\/site\/wp-json\/wp\/v2\/media?parent=7514"}],"wp:term":[{"taxonomy":"category","embeddable":true,"href":"https:\/\/radiostudiow.com.br\/site\/wp-json\/wp\/v2\/categories?post=7514"},{"taxonomy":"post_tag","embeddable":true,"href":"https:\/\/radiostudiow.com.br\/site\/wp-json\/wp\/v2\/tags?post=7514"}],"curies":[{"name":"wp","href":"https:\/\/api.w.org\/{rel}","templated":true}]}}