{"id":7522,"date":"2022-05-26T10:38:08","date_gmt":"2022-05-26T13:38:08","guid":{"rendered":"https:\/\/radiostudiow.com.br\/site\/?p=7522"},"modified":"2025-01-31T15:10:07","modified_gmt":"2025-01-31T18:10:07","slug":"pm-atende-ocorrencias-envolvendo-violencia-domestica-e-descumprimento-de-decisao-judicial-em-sao-mateus-do-sul","status":"publish","type":"post","link":"https:\/\/radiostudiow.com.br\/site\/2022\/05\/26\/pm-atende-ocorrencias-envolvendo-violencia-domestica-e-descumprimento-de-decisao-judicial-em-sao-mateus-do-sul\/","title":{"rendered":"PM atende ocorr\u00eancias envolvendo viol\u00eancia dom\u00e9stica e descumprimento de decis\u00e3o judicial em S\u00e3o Mateus do Sul"},"content":{"rendered":"\n<figure class=\"wp-block-image size-full\"><img decoding=\"async\" src=\"https:\/\/radiostudiow.com.br\/site\/wp-content\/uploads\/2022\/05\/NUTRI-MALLET.jpg\" alt=\"\" class=\"wp-image-7282\"\/><\/figure>\n\n\n\n<p>A Pol\u00edcia Militar de S\u00e3o Mateus do Sul prestou atendimento a duas ocorr\u00eancias envolvendo viol\u00eancia dom\u00e9stica e amea\u00e7as nesta quarta-feira (25).<\/p>\n\n\n\n<p>A primeira ocorr\u00eancia a PM compareceu at\u00e9 a Vila Verde para uma situa\u00e7\u00e3o de viol\u00eancia dom\u00e9stica em que o casal havia brigado, e que a mulher foi acredita pelo homem. Segundo informa\u00e7\u00f5es da resenha policial, o acusado \u00e9 usu\u00e1rio de drogas. O homem fugiu do local antes da chegada da Pol\u00edcia. Feito patrulhamento, ele n\u00e3o foi localizado.<\/p>\n\n\n\n<p>J\u00e1 a segunda ocorr\u00eancia de descumprimento de decis\u00e3o judicial e amea\u00e7a aconteceu na Vila Nova, em que segundo relatos da solicitante, seu ex-companheiro estaria em frente a sua resid\u00eancia a amea\u00e7ando com uma arma de fogo. No local a v\u00edtima informou as caracter\u00edsticas do envolvido por\u00e9m ele n\u00e3o foi localizado.<\/p>\n\n\n\n<p>Nas duas situa\u00e7\u00f5es as v\u00edtimas foram orientadas para as medidas cab\u00edveis.<\/p>\n\n\n\n<figure class=\"wp-block-image size-full\"><img decoding=\"async\" src=\"https:\/\/radiostudiow.com.br\/site\/wp-content\/uploads\/2022\/04\/HF-MALLET.jpg\" alt=\"\" class=\"wp-image-7103\"\/><\/figure>\n","protected":false},"excerpt":{"rendered":"<p>A Pol\u00edcia Militar de S\u00e3o Mateus do Sul prestou atendimento a duas ocorr\u00eancias envolvendo viol\u00eancia dom\u00e9stica e amea\u00e7as nesta quarta-feira (25). A primeira ocorr\u00eancia a PM compareceu at\u00e9 a Vila Verde para uma situa\u00e7\u00e3o de viol\u00eancia dom\u00e9stica em que o casal havia brigado, e que a mulher foi acredita pelo homem. Segundo informa\u00e7\u00f5es da resenha [&hellip;]<\/p>\n","protected":false},"author":2,"featured_media":6882,"comment_status":"open","ping_status":"open","sticky":false,"template":"","format":"standard","meta":{"footnotes":""},"categories":[2],"tags":[172],"class_list":["post-7522","post","type-post","status-publish","format-standard","has-post-thumbnail","hentry","category-policial","tag-featured"],"amp_enabled":true,"_links":{"self":[{"href":"https:\/\/radiostudiow.com.br\/site\/wp-json\/wp\/v2\/posts\/7522","targetHints":{"allow":["GET"]}}],"collection":[{"href":"https:\/\/radiostudiow.com.br\/site\/wp-json\/wp\/v2\/posts"}],"about":[{"href":"https:\/\/radiostudiow.com.br\/site\/wp-json\/wp\/v2\/types\/post"}],"author":[{"embeddable":true,"href":"https:\/\/radiostudiow.com.br\/site\/wp-json\/wp\/v2\/users\/2"}],"replies":[{"embeddable":true,"href":"https:\/\/radiostudiow.com.br\/site\/wp-json\/wp\/v2\/comments?post=7522"}],"version-history":[{"count":1,"href":"https:\/\/radiostudiow.com.br\/site\/wp-json\/wp\/v2\/posts\/7522\/revisions"}],"predecessor-version":[{"id":7523,"href":"https:\/\/radiostudiow.com.br\/site\/wp-json\/wp\/v2\/posts\/7522\/revisions\/7523"}],"wp:featuredmedia":[{"embeddable":true,"href":"https:\/\/radiostudiow.com.br\/site\/wp-json\/wp\/v2\/media\/6882"}],"wp:attachment":[{"href":"https:\/\/radiostudiow.com.br\/site\/wp-json\/wp\/v2\/media?parent=7522"}],"wp:term":[{"taxonomy":"category","embeddable":true,"href":"https:\/\/radiostudiow.com.br\/site\/wp-json\/wp\/v2\/categories?post=7522"},{"taxonomy":"post_tag","embeddable":true,"href":"https:\/\/radiostudiow.com.br\/site\/wp-json\/wp\/v2\/tags?post=7522"}],"curies":[{"name":"wp","href":"https:\/\/api.w.org\/{rel}","templated":true}]}}