{"id":7524,"date":"2022-05-26T10:43:00","date_gmt":"2022-05-26T13:43:00","guid":{"rendered":"https:\/\/radiostudiow.com.br\/site\/?p=7524"},"modified":"2025-01-31T15:10:07","modified_gmt":"2025-01-31T18:10:07","slug":"agricultor-morre-apos-acidente-com-trator-em-cruz-machado","status":"publish","type":"post","link":"https:\/\/radiostudiow.com.br\/site\/2022\/05\/26\/agricultor-morre-apos-acidente-com-trator-em-cruz-machado\/","title":{"rendered":"Agricultor morre ap\u00f3s acidente com trator\u00a0em Cruz Machado"},"content":{"rendered":"\n<figure class=\"wp-block-image size-full\"><img decoding=\"async\" src=\"https:\/\/radiostudiow.com.br\/site\/wp-content\/uploads\/2022\/03\/vem_ai.jpg\" alt=\"\" class=\"wp-image-6364\"\/><\/figure>\n\n\n\n<p>Um homem que n\u00e3o teve a identifica\u00e7\u00e3o e a idade divulgadas at\u00e9 o momento, morreu em decorr\u00eancia de um acidente com trator, registrado por volta das 21:00 horas desta quarta-feira (25).<\/p>\n\n\n\n<p>A trag\u00e9dia foi registrada na Linha Quarta Vicinal Vit\u00f3ria, que fica localizada no interior da cidade de Cruz Machado. Foram mobilizadas uma equipes da Pol\u00edcia e do SAMU para atender a situa\u00e7\u00e3o.<\/p>\n\n\n\n<p>Ap\u00f3s sofrer o acidente, o homem foi socorrido pela SAMU, sendo encaminhado at\u00e9 o Hospital Municipal Santa Terezinha, no entanto, j\u00e1 chegou na unidade de sa\u00fade sem vida. O corpo foi encaminhado ao IML de Uni\u00e3o da Vit\u00f3ria.<\/p>\n\n\n\n<figure class=\"wp-block-image size-full\"><img decoding=\"async\" src=\"https:\/\/radiostudiow.com.br\/site\/wp-content\/uploads\/2022\/03\/240387432_2992083691066122_4820772207429196742_n.jpg\" alt=\"\" class=\"wp-image-6405\"\/><\/figure>\n","protected":false},"excerpt":{"rendered":"<p>Um homem que n\u00e3o teve a identifica\u00e7\u00e3o e a idade divulgadas at\u00e9 o momento, morreu em decorr\u00eancia de um acidente com trator, registrado por volta das 21:00 horas desta quarta-feira (25). A trag\u00e9dia foi registrada na Linha Quarta Vicinal Vit\u00f3ria, que fica localizada no interior da cidade de Cruz Machado. Foram mobilizadas uma equipes da [&hellip;]<\/p>\n","protected":false},"author":2,"featured_media":7526,"comment_status":"open","ping_status":"open","sticky":false,"template":"","format":"standard","meta":{"footnotes":""},"categories":[2],"tags":[172],"class_list":["post-7524","post","type-post","status-publish","format-standard","has-post-thumbnail","hentry","category-policial","tag-featured"],"amp_enabled":true,"_links":{"self":[{"href":"https:\/\/radiostudiow.com.br\/site\/wp-json\/wp\/v2\/posts\/7524","targetHints":{"allow":["GET"]}}],"collection":[{"href":"https:\/\/radiostudiow.com.br\/site\/wp-json\/wp\/v2\/posts"}],"about":[{"href":"https:\/\/radiostudiow.com.br\/site\/wp-json\/wp\/v2\/types\/post"}],"author":[{"embeddable":true,"href":"https:\/\/radiostudiow.com.br\/site\/wp-json\/wp\/v2\/users\/2"}],"replies":[{"embeddable":true,"href":"https:\/\/radiostudiow.com.br\/site\/wp-json\/wp\/v2\/comments?post=7524"}],"version-history":[{"count":1,"href":"https:\/\/radiostudiow.com.br\/site\/wp-json\/wp\/v2\/posts\/7524\/revisions"}],"predecessor-version":[{"id":7527,"href":"https:\/\/radiostudiow.com.br\/site\/wp-json\/wp\/v2\/posts\/7524\/revisions\/7527"}],"wp:featuredmedia":[{"embeddable":true,"href":"https:\/\/radiostudiow.com.br\/site\/wp-json\/wp\/v2\/media\/7526"}],"wp:attachment":[{"href":"https:\/\/radiostudiow.com.br\/site\/wp-json\/wp\/v2\/media?parent=7524"}],"wp:term":[{"taxonomy":"category","embeddable":true,"href":"https:\/\/radiostudiow.com.br\/site\/wp-json\/wp\/v2\/categories?post=7524"},{"taxonomy":"post_tag","embeddable":true,"href":"https:\/\/radiostudiow.com.br\/site\/wp-json\/wp\/v2\/tags?post=7524"}],"curies":[{"name":"wp","href":"https:\/\/api.w.org\/{rel}","templated":true}]}}