{"id":7529,"date":"2022-05-26T14:50:39","date_gmt":"2022-05-26T17:50:39","guid":{"rendered":"https:\/\/radiostudiow.com.br\/site\/?p=7529"},"modified":"2025-01-31T15:10:07","modified_gmt":"2025-01-31T18:10:07","slug":"corpo-de-homem-e-encontrado-nas-margens-da-br-153-em-irati","status":"publish","type":"post","link":"https:\/\/radiostudiow.com.br\/site\/2022\/05\/26\/corpo-de-homem-e-encontrado-nas-margens-da-br-153-em-irati\/","title":{"rendered":"Corpo de homem \u00e9 encontrado nas margens da BR-153 em Irati"},"content":{"rendered":"\n<figure class=\"wp-block-image size-full\"><img decoding=\"async\" src=\"https:\/\/radiostudiow.com.br\/site\/wp-content\/uploads\/2022\/05\/WRNET.jpg\" alt=\"\" class=\"wp-image-7328\"\/><\/figure>\n\n\n\n<p>Um homem foi encontrado morto na tarde desta quarta-feira (25), nas margens da BR-153, no per\u00edmetro urbano, pr\u00f3ximo a rua de acesso ao Instituto Federal do Paran\u00e1 (IFPR), em Irati. O corpo foi encaminhado ao IML de Uni\u00e3o da Vit\u00f3ria, que deve apontar a causa do \u00f3bito.<\/p>\n\n\n\n<p>De acordo com o sargento da PM Esmanhoto, no local n\u00e3o foi poss\u00edvel saber se o homem foi v\u00edtima de algum acidente, como atropelamento, ou o que provocou a sua morte. O SAMU chegou a ser acionado, mas apenas constatou o \u00f3bito.<\/p>\n\n\n\n<p>O local foi isolado pela PM at\u00e9 a chegada do IML. O homem foi identificado como Ad\u00e3o Carlos Pedroso, de 50 anos. O seu corpo ser\u00e1 velado na Capela Mortu\u00e1ria da Vila S\u00e3o Jo\u00e3o. O sepultamento est\u00e1 agendado para quinta-feira (26), \u00e0s 15h, no Cemit\u00e9rio da Vila S\u00e3o Jo\u00e3o.<\/p>\n\n\n\n<figure class=\"wp-block-image size-full\"><img decoding=\"async\" src=\"https:\/\/radiostudiow.com.br\/site\/wp-content\/uploads\/2022\/04\/SEPAC.jpg\" alt=\"\" class=\"wp-image-7113\"\/><\/figure>\n\n\n\n<p><em>Da Reda\u00e7\u00e3o Portal RDX com informa\u00e7\u00f5es Portal Clique<\/em><\/p>\n","protected":false},"excerpt":{"rendered":"<p>Um homem foi encontrado morto na tarde desta quarta-feira (25), nas margens da BR-153, no per\u00edmetro urbano, pr\u00f3ximo a rua de acesso ao Instituto Federal do Paran\u00e1 (IFPR), em Irati. O corpo foi encaminhado ao IML de Uni\u00e3o da Vit\u00f3ria, que deve apontar a causa do \u00f3bito. De acordo com o sargento da PM Esmanhoto, [&hellip;]<\/p>\n","protected":false},"author":2,"featured_media":7532,"comment_status":"open","ping_status":"open","sticky":false,"template":"","format":"standard","meta":{"footnotes":""},"categories":[2],"tags":[172],"class_list":["post-7529","post","type-post","status-publish","format-standard","has-post-thumbnail","hentry","category-policial","tag-featured"],"amp_enabled":true,"_links":{"self":[{"href":"https:\/\/radiostudiow.com.br\/site\/wp-json\/wp\/v2\/posts\/7529","targetHints":{"allow":["GET"]}}],"collection":[{"href":"https:\/\/radiostudiow.com.br\/site\/wp-json\/wp\/v2\/posts"}],"about":[{"href":"https:\/\/radiostudiow.com.br\/site\/wp-json\/wp\/v2\/types\/post"}],"author":[{"embeddable":true,"href":"https:\/\/radiostudiow.com.br\/site\/wp-json\/wp\/v2\/users\/2"}],"replies":[{"embeddable":true,"href":"https:\/\/radiostudiow.com.br\/site\/wp-json\/wp\/v2\/comments?post=7529"}],"version-history":[{"count":2,"href":"https:\/\/radiostudiow.com.br\/site\/wp-json\/wp\/v2\/posts\/7529\/revisions"}],"predecessor-version":[{"id":7533,"href":"https:\/\/radiostudiow.com.br\/site\/wp-json\/wp\/v2\/posts\/7529\/revisions\/7533"}],"wp:featuredmedia":[{"embeddable":true,"href":"https:\/\/radiostudiow.com.br\/site\/wp-json\/wp\/v2\/media\/7532"}],"wp:attachment":[{"href":"https:\/\/radiostudiow.com.br\/site\/wp-json\/wp\/v2\/media?parent=7529"}],"wp:term":[{"taxonomy":"category","embeddable":true,"href":"https:\/\/radiostudiow.com.br\/site\/wp-json\/wp\/v2\/categories?post=7529"},{"taxonomy":"post_tag","embeddable":true,"href":"https:\/\/radiostudiow.com.br\/site\/wp-json\/wp\/v2\/tags?post=7529"}],"curies":[{"name":"wp","href":"https:\/\/api.w.org\/{rel}","templated":true}]}}