{"id":7536,"date":"2022-05-26T15:32:22","date_gmt":"2022-05-26T18:32:22","guid":{"rendered":"https:\/\/radiostudiow.com.br\/site\/?p=7536"},"modified":"2025-01-31T15:10:07","modified_gmt":"2025-01-31T18:10:07","slug":"homem-embriagado-agride-a-esposa-e-e-detido-pela-pm-na-vila-sao-pedro-em-mallet","status":"publish","type":"post","link":"https:\/\/radiostudiow.com.br\/site\/2022\/05\/26\/homem-embriagado-agride-a-esposa-e-e-detido-pela-pm-na-vila-sao-pedro-em-mallet\/","title":{"rendered":"HOMEM EMBRIAGADO AGRIDE A ESPOSA E \u00c9 DETIDO PELA PM NA VILA S\u00c3O PEDRO EM MALLET"},"content":{"rendered":"\n<figure class=\"wp-block-image size-full\"><img decoding=\"async\" src=\"https:\/\/radiostudiow.com.br\/site\/wp-content\/uploads\/2022\/05\/vem_ai.jpg\" alt=\"\" class=\"wp-image-7348\"\/><\/figure>\n\n\n\n<p>Vizinhos acionaram a equipe do Pelot\u00e3o da Pol\u00edcia Militar de Mallet, relatando situa\u00e7\u00e3o de viol\u00eancia dom\u00e9stica e embriaguez ao volante por volta das 21:10 horas desta quarta-feira (25), na Vila S\u00e3o Pedro.<\/p>\n\n\n\n<p>De acordo com o Boletim de Ocorr\u00eancia, o marido chegou em casa embriagado e passou a agredir a esposa verbalmente e fisicamente.<\/p>\n\n\n\n<p>Segundo a v\u00edtima, em certo momento o marido teria empurrado e derrubando-a no ch\u00e3o a qual bateu com sua cabe\u00e7a ao solo.<\/p>\n\n\n\n<p>A v\u00edtima foi socorrida por vizinhos e o agressor fugiu em seu ve\u00edculo.<\/p>\n\n\n\n<figure class=\"wp-block-image size-full\"><img decoding=\"async\" src=\"https:\/\/radiostudiow.com.br\/site\/wp-content\/uploads\/2022\/05\/NUTRI-MALLET.jpg\" alt=\"\" class=\"wp-image-7282\"\/><\/figure>\n\n\n\n<p>A equipe policial acompanhou a v\u00edtima at\u00e9 a resid\u00eancia para apanhar alguns pertences e roupas para os filhos que estaria com a m\u00e3e, momento em que o autor das agress\u00f5es retornou ao local.<\/p>\n\n\n\n<p>Na tentativa de abordagem pela equipe, o homem empreendeu fuga, sendo alcan\u00e7ado e durante a realiza\u00e7\u00e3o da abordagem foi constatado pelos policiais que estava em vis\u00edvel estado de embriaguez.<\/p>\n\n\n\n<p>Sendo assim o homem foi preso, e de acordo com a PM, o acusado estava bastante exaltado e passou a falar mal da equipe de servi\u00e7o, insultando com palavras de baixo cal\u00e3o, durante o deslocamento at\u00e9 4\u00aa SDP em Uni\u00e3o da Vit\u00f3ria.<\/p>\n\n\n\n<p>O autor que demonstrava muita agressividade, acabou quebrando os vidros laterais da viatura policial e danificando alguns acess\u00f3rios do ve\u00edculo.<\/p>\n\n\n\n<figure class=\"wp-block-image size-large\"><img decoding=\"async\" src=\"https:\/\/radiostudiow.com.br\/site\/wp-content\/uploads\/2022\/05\/190504470_2926345644306594_6827123088034551019_n-1024x386.jpg\" alt=\"\" class=\"wp-image-7234\"\/><\/figure>\n","protected":false},"excerpt":{"rendered":"<p>Vizinhos acionaram a equipe do Pelot\u00e3o da Pol\u00edcia Militar de Mallet, relatando situa\u00e7\u00e3o de viol\u00eancia dom\u00e9stica e embriaguez ao volante por volta das 21:10 horas desta quarta-feira (25), na Vila S\u00e3o Pedro. De acordo com o Boletim de Ocorr\u00eancia, o marido chegou em casa embriagado e passou a agredir a esposa verbalmente e fisicamente. Segundo [&hellip;]<\/p>\n","protected":false},"author":2,"featured_media":7537,"comment_status":"open","ping_status":"open","sticky":false,"template":"","format":"standard","meta":{"footnotes":""},"categories":[2],"tags":[172],"class_list":["post-7536","post","type-post","status-publish","format-standard","has-post-thumbnail","hentry","category-policial","tag-featured"],"amp_enabled":true,"_links":{"self":[{"href":"https:\/\/radiostudiow.com.br\/site\/wp-json\/wp\/v2\/posts\/7536","targetHints":{"allow":["GET"]}}],"collection":[{"href":"https:\/\/radiostudiow.com.br\/site\/wp-json\/wp\/v2\/posts"}],"about":[{"href":"https:\/\/radiostudiow.com.br\/site\/wp-json\/wp\/v2\/types\/post"}],"author":[{"embeddable":true,"href":"https:\/\/radiostudiow.com.br\/site\/wp-json\/wp\/v2\/users\/2"}],"replies":[{"embeddable":true,"href":"https:\/\/radiostudiow.com.br\/site\/wp-json\/wp\/v2\/comments?post=7536"}],"version-history":[{"count":1,"href":"https:\/\/radiostudiow.com.br\/site\/wp-json\/wp\/v2\/posts\/7536\/revisions"}],"predecessor-version":[{"id":7538,"href":"https:\/\/radiostudiow.com.br\/site\/wp-json\/wp\/v2\/posts\/7536\/revisions\/7538"}],"wp:featuredmedia":[{"embeddable":true,"href":"https:\/\/radiostudiow.com.br\/site\/wp-json\/wp\/v2\/media\/7537"}],"wp:attachment":[{"href":"https:\/\/radiostudiow.com.br\/site\/wp-json\/wp\/v2\/media?parent=7536"}],"wp:term":[{"taxonomy":"category","embeddable":true,"href":"https:\/\/radiostudiow.com.br\/site\/wp-json\/wp\/v2\/categories?post=7536"},{"taxonomy":"post_tag","embeddable":true,"href":"https:\/\/radiostudiow.com.br\/site\/wp-json\/wp\/v2\/tags?post=7536"}],"curies":[{"name":"wp","href":"https:\/\/api.w.org\/{rel}","templated":true}]}}