{"id":7548,"date":"2022-05-27T11:58:52","date_gmt":"2022-05-27T14:58:52","guid":{"rendered":"https:\/\/radiostudiow.com.br\/site\/?p=7548"},"modified":"2025-01-31T15:10:07","modified_gmt":"2025-01-31T18:10:07","slug":"celular-de-aluna-e-furtado-durante-aula-em-cruz-machado","status":"publish","type":"post","link":"https:\/\/radiostudiow.com.br\/site\/2022\/05\/27\/celular-de-aluna-e-furtado-durante-aula-em-cruz-machado\/","title":{"rendered":"Celular de aluna \u00e9 furtado durante aula em Cruz Machado"},"content":{"rendered":"\n<figure class=\"wp-block-image size-full\"><img decoding=\"async\" src=\"https:\/\/radiostudiow.com.br\/site\/wp-content\/uploads\/2022\/05\/HF-MALLET.jpg\" alt=\"\" class=\"wp-image-7549\"\/><\/figure>\n\n\n\n<p>Uma aluna do Col\u00e9gio Bar\u00e3o do Cerro Azul de Cruz Machado compareceu ao Pelot\u00e3o da Pol\u00edcia Militar por volta das 13:15 horas desta quinta-feira, 26 de maio, relatando uma situa\u00e7\u00e3o de furto.<\/p>\n\n\n\n<p>De acordo com a solicitante, ela estava estudando, durante a aula deixou seu celular na arquibancada do gin\u00e1sio e quando retornou seu celular tinha sido furtado.<\/p>\n\n\n\n<p>Diante da situa\u00e7\u00e3o a equipe policial orientou a v\u00edtima quanto aos procedimentos cab\u00edveis.<\/p>\n\n\n\n<figure class=\"wp-block-image size-full\"><img decoding=\"async\" src=\"https:\/\/radiostudiow.com.br\/site\/wp-content\/uploads\/2022\/05\/NUTRI-MALLET.jpg\" alt=\"\" class=\"wp-image-7282\"\/><\/figure>\n","protected":false},"excerpt":{"rendered":"<p>Uma aluna do Col\u00e9gio Bar\u00e3o do Cerro Azul de Cruz Machado compareceu ao Pelot\u00e3o da Pol\u00edcia Militar por volta das 13:15 horas desta quinta-feira, 26 de maio, relatando uma situa\u00e7\u00e3o de furto. De acordo com a solicitante, ela estava estudando, durante a aula deixou seu celular na arquibancada do gin\u00e1sio e quando retornou seu celular [&hellip;]<\/p>\n","protected":false},"author":2,"featured_media":0,"comment_status":"open","ping_status":"open","sticky":false,"template":"","format":"standard","meta":{"footnotes":""},"categories":[2],"tags":[172],"class_list":["post-7548","post","type-post","status-publish","format-standard","hentry","category-policial","tag-featured"],"amp_enabled":true,"_links":{"self":[{"href":"https:\/\/radiostudiow.com.br\/site\/wp-json\/wp\/v2\/posts\/7548","targetHints":{"allow":["GET"]}}],"collection":[{"href":"https:\/\/radiostudiow.com.br\/site\/wp-json\/wp\/v2\/posts"}],"about":[{"href":"https:\/\/radiostudiow.com.br\/site\/wp-json\/wp\/v2\/types\/post"}],"author":[{"embeddable":true,"href":"https:\/\/radiostudiow.com.br\/site\/wp-json\/wp\/v2\/users\/2"}],"replies":[{"embeddable":true,"href":"https:\/\/radiostudiow.com.br\/site\/wp-json\/wp\/v2\/comments?post=7548"}],"version-history":[{"count":1,"href":"https:\/\/radiostudiow.com.br\/site\/wp-json\/wp\/v2\/posts\/7548\/revisions"}],"predecessor-version":[{"id":7550,"href":"https:\/\/radiostudiow.com.br\/site\/wp-json\/wp\/v2\/posts\/7548\/revisions\/7550"}],"wp:attachment":[{"href":"https:\/\/radiostudiow.com.br\/site\/wp-json\/wp\/v2\/media?parent=7548"}],"wp:term":[{"taxonomy":"category","embeddable":true,"href":"https:\/\/radiostudiow.com.br\/site\/wp-json\/wp\/v2\/categories?post=7548"},{"taxonomy":"post_tag","embeddable":true,"href":"https:\/\/radiostudiow.com.br\/site\/wp-json\/wp\/v2\/tags?post=7548"}],"curies":[{"name":"wp","href":"https:\/\/api.w.org\/{rel}","templated":true}]}}