{"id":7551,"date":"2022-05-27T12:10:05","date_gmt":"2022-05-27T15:10:05","guid":{"rendered":"https:\/\/radiostudiow.com.br\/site\/?p=7551"},"modified":"2025-01-31T15:10:07","modified_gmt":"2025-01-31T18:10:07","slug":"mulher-e-brutalmente-assassinada-a-pauladas-pelo-marido","status":"publish","type":"post","link":"https:\/\/radiostudiow.com.br\/site\/2022\/05\/27\/mulher-e-brutalmente-assassinada-a-pauladas-pelo-marido\/","title":{"rendered":"Mulher \u00e9 brutalmente assassinada \u00e0 pauladas pelo marido"},"content":{"rendered":"\n<figure class=\"wp-block-image size-full\"><img decoding=\"async\" src=\"https:\/\/radiostudiow.com.br\/site\/wp-content\/uploads\/2022\/03\/240387432_2992083691066122_4820772207429196742_n.jpg\" alt=\"\" class=\"wp-image-6405\"\/><\/figure>\n\n\n\n<p>Uma mulher identificada como Elaine de Jesus de G\u00f3es, de 40 anos de idade, foi brutalmente assassinada \u00e0 pauladas pelo marido, Esnair Rodrigues, na \u00e1rea rural da cidade de Palmeira. O crime chocante de feminic\u00eddio tamb\u00e9m terminou com a morte do autor do crime.<\/p>\n\n\n\n<p>De acordo com informa\u00e7\u00f5es, a trag\u00e9dia familiar mobilizou equipes das Pol\u00edcias Militar e Civil, al\u00e9m dos peritos do Instituto de Criminal\u00edstica. A situa\u00e7\u00e3o deve ter ocorrido durante o per\u00edodo da manh\u00e3 de quinta-feira.<\/p>\n\n\n\n<p>Ainda conforme informa\u00e7\u00f5es, quando chegaram ao local os policiais encontraram a mulher com v\u00e1rios&nbsp;sinais de espancamento pela cabe\u00e7a e j\u00e1 sem vida. O homem foi encontrado na sequ\u00eancia, aparentemente com marca de disparo de arma de fogo no ombro, enforcado em uma \u00e1rvore.<\/p>\n\n\n\n<p>A trag\u00e9dia familiar mobilizou equipes das Pol\u00edcias Militar e Civil, al\u00e9m dos peritos do Instituto de Criminal\u00edstica. Os corpos foram recolhidos ao Instituto M\u00e9dico Legal de Ponta Grossa e ser\u00e1 aberto inqu\u00e9rito para apurar o caso de feminic\u00eddio seguido de suic\u00eddio.<\/p>\n\n\n\n<figure class=\"wp-block-image size-full\"><img decoding=\"async\" src=\"https:\/\/radiostudiow.com.br\/site\/wp-content\/uploads\/2022\/04\/AFUBRE-IRATI.jpg\" alt=\"\" class=\"wp-image-7116\"\/><\/figure>\n","protected":false},"excerpt":{"rendered":"<p>Uma mulher identificada como Elaine de Jesus de G\u00f3es, de 40 anos de idade, foi brutalmente assassinada \u00e0 pauladas pelo marido, Esnair Rodrigues, na \u00e1rea rural da cidade de Palmeira. O crime chocante de feminic\u00eddio tamb\u00e9m terminou com a morte do autor do crime. De acordo com informa\u00e7\u00f5es, a trag\u00e9dia familiar mobilizou equipes das Pol\u00edcias [&hellip;]<\/p>\n","protected":false},"author":2,"featured_media":0,"comment_status":"open","ping_status":"open","sticky":false,"template":"","format":"standard","meta":{"footnotes":""},"categories":[2],"tags":[172],"class_list":["post-7551","post","type-post","status-publish","format-standard","hentry","category-policial","tag-featured"],"amp_enabled":true,"_links":{"self":[{"href":"https:\/\/radiostudiow.com.br\/site\/wp-json\/wp\/v2\/posts\/7551","targetHints":{"allow":["GET"]}}],"collection":[{"href":"https:\/\/radiostudiow.com.br\/site\/wp-json\/wp\/v2\/posts"}],"about":[{"href":"https:\/\/radiostudiow.com.br\/site\/wp-json\/wp\/v2\/types\/post"}],"author":[{"embeddable":true,"href":"https:\/\/radiostudiow.com.br\/site\/wp-json\/wp\/v2\/users\/2"}],"replies":[{"embeddable":true,"href":"https:\/\/radiostudiow.com.br\/site\/wp-json\/wp\/v2\/comments?post=7551"}],"version-history":[{"count":1,"href":"https:\/\/radiostudiow.com.br\/site\/wp-json\/wp\/v2\/posts\/7551\/revisions"}],"predecessor-version":[{"id":7553,"href":"https:\/\/radiostudiow.com.br\/site\/wp-json\/wp\/v2\/posts\/7551\/revisions\/7553"}],"wp:attachment":[{"href":"https:\/\/radiostudiow.com.br\/site\/wp-json\/wp\/v2\/media?parent=7551"}],"wp:term":[{"taxonomy":"category","embeddable":true,"href":"https:\/\/radiostudiow.com.br\/site\/wp-json\/wp\/v2\/categories?post=7551"},{"taxonomy":"post_tag","embeddable":true,"href":"https:\/\/radiostudiow.com.br\/site\/wp-json\/wp\/v2\/tags?post=7551"}],"curies":[{"name":"wp","href":"https:\/\/api.w.org\/{rel}","templated":true}]}}