{"id":7558,"date":"2022-05-27T17:16:13","date_gmt":"2022-05-27T20:16:13","guid":{"rendered":"https:\/\/radiostudiow.com.br\/site\/?p=7558"},"modified":"2025-01-31T15:10:07","modified_gmt":"2025-01-31T18:10:07","slug":"prf-de-sao-mateus-do-sul-prende-homem-dirigindo-de-forma-perigosa-na-br-476","status":"publish","type":"post","link":"https:\/\/radiostudiow.com.br\/site\/2022\/05\/27\/prf-de-sao-mateus-do-sul-prende-homem-dirigindo-de-forma-perigosa-na-br-476\/","title":{"rendered":"PRF de S\u00e3o Mateus do Sul prende homem dirigindo de forma perigosa na BR-476"},"content":{"rendered":"\n<figure class=\"wp-block-image size-full\"><img decoding=\"async\" src=\"https:\/\/radiostudiow.com.br\/site\/wp-content\/uploads\/2022\/05\/WRNET.jpg\" alt=\"\" class=\"wp-image-7328\"\/><\/figure>\n\n\n\n<p>A Pol\u00edcia Rodovi\u00e1ria Federal (PRF) de S\u00e3o Mateus do Sul logrou \u00eaxito na pris\u00e3o em flagrante de um motorista que trafegava de forma perigosa na BR-476. Confira o v\u00eddeo enviado para a RDX.<\/p>\n\n\n\n<p>A PRF recebeu den\u00fancias de que o homem estaria colocando em risco a vida de condutores que passavam pela rodovia. O ve\u00edculo \u00e9 novo e est\u00e1 sem placas, com exporta\u00e7\u00e3o para o Peru.<\/p>\n\n\n\n<p>Segundo informa\u00e7\u00f5es da PRF, o homem de 34 anos, se recusou a realizar exame do baf\u00f4metro. O caso seguir\u00e1 para a delegacia.<\/p>\n\n\n\n<figure class=\"wp-block-image size-full\"><img decoding=\"async\" src=\"https:\/\/radiostudiow.com.br\/site\/wp-content\/uploads\/2022\/05\/gfhgfh-1.jpg\" alt=\"\" class=\"wp-image-7559\"\/><\/figure>\n\n\n\n<figure class=\"wp-block-image size-full\"><img decoding=\"async\" src=\"https:\/\/radiostudiow.com.br\/site\/wp-content\/uploads\/2022\/05\/NUTRI-MALLET.jpg\" alt=\"\" class=\"wp-image-7282\"\/><\/figure>\n\n\n\n<figure class=\"wp-block-video\"><video controls src=\"https:\/\/radiostudiow.com.br\/site\/wp-content\/uploads\/2022\/05\/trim.C3097D12-DD54-47A3-A117-285162428A88-1.mov\"><\/video><\/figure>\n","protected":false},"excerpt":{"rendered":"<p>A Pol\u00edcia Rodovi\u00e1ria Federal (PRF) de S\u00e3o Mateus do Sul logrou \u00eaxito na pris\u00e3o em flagrante de um motorista que trafegava de forma perigosa na BR-476. Confira o v\u00eddeo enviado para a RDX. A PRF recebeu den\u00fancias de que o homem estaria colocando em risco a vida de condutores que passavam pela rodovia. O ve\u00edculo [&hellip;]<\/p>\n","protected":false},"author":2,"featured_media":0,"comment_status":"open","ping_status":"open","sticky":false,"template":"","format":"standard","meta":{"footnotes":""},"categories":[2],"tags":[172],"class_list":["post-7558","post","type-post","status-publish","format-standard","hentry","category-policial","tag-featured"],"amp_enabled":true,"_links":{"self":[{"href":"https:\/\/radiostudiow.com.br\/site\/wp-json\/wp\/v2\/posts\/7558","targetHints":{"allow":["GET"]}}],"collection":[{"href":"https:\/\/radiostudiow.com.br\/site\/wp-json\/wp\/v2\/posts"}],"about":[{"href":"https:\/\/radiostudiow.com.br\/site\/wp-json\/wp\/v2\/types\/post"}],"author":[{"embeddable":true,"href":"https:\/\/radiostudiow.com.br\/site\/wp-json\/wp\/v2\/users\/2"}],"replies":[{"embeddable":true,"href":"https:\/\/radiostudiow.com.br\/site\/wp-json\/wp\/v2\/comments?post=7558"}],"version-history":[{"count":1,"href":"https:\/\/radiostudiow.com.br\/site\/wp-json\/wp\/v2\/posts\/7558\/revisions"}],"predecessor-version":[{"id":7562,"href":"https:\/\/radiostudiow.com.br\/site\/wp-json\/wp\/v2\/posts\/7558\/revisions\/7562"}],"wp:attachment":[{"href":"https:\/\/radiostudiow.com.br\/site\/wp-json\/wp\/v2\/media?parent=7558"}],"wp:term":[{"taxonomy":"category","embeddable":true,"href":"https:\/\/radiostudiow.com.br\/site\/wp-json\/wp\/v2\/categories?post=7558"},{"taxonomy":"post_tag","embeddable":true,"href":"https:\/\/radiostudiow.com.br\/site\/wp-json\/wp\/v2\/tags?post=7558"}],"curies":[{"name":"wp","href":"https:\/\/api.w.org\/{rel}","templated":true}]}}