{"id":7570,"date":"2022-05-28T09:49:07","date_gmt":"2022-05-28T12:49:07","guid":{"rendered":"https:\/\/radiostudiow.com.br\/site\/?p=7570"},"modified":"2025-01-31T15:10:07","modified_gmt":"2025-01-31T18:10:07","slug":"pm-de-sao-mateus-do-sul-recebe-denuncia-de-que-cao-tentou-atacar-crianca-de-1-ano-e-7-meses","status":"publish","type":"post","link":"https:\/\/radiostudiow.com.br\/site\/2022\/05\/28\/pm-de-sao-mateus-do-sul-recebe-denuncia-de-que-cao-tentou-atacar-crianca-de-1-ano-e-7-meses\/","title":{"rendered":"PM de S\u00e3o Mateus do Sul recebe den\u00fancia de que c\u00e3o tentou atacar crian\u00e7a de 1 ano e 7 meses"},"content":{"rendered":"\n<figure class=\"wp-block-image size-full\"><img decoding=\"async\" src=\"https:\/\/radiostudiow.com.br\/site\/wp-content\/uploads\/2022\/04\/AFUBRE-IRATI.jpg\" alt=\"\" class=\"wp-image-7116\"\/><\/figure>\n\n\n\n<p>A Pol\u00edcia Militar\u00a0de S\u00e3o Mateus do Sul foi acionada na sexta-feira, 27 de maio, na Vila Palmeirinha para prestar atendimento a uma ocorr\u00eancia de omiss\u00e3o da cautela na guarda de animal. <\/p>\n\n\n\n<p>De acordo com a solicitante, sua vizinha tem um c\u00e3o da ra\u00e7a Pitbull, o qual escapou e tentou atacar a filha 1 ano e 7 meses. A solicitante informou que pegou a crian\u00e7a rapidamente e buscou abrigo no interior da resid\u00eancia antes dela ser atacada.<\/p>\n\n\n\n<p>A denunciante informou que a vizinha mant\u00e9m o c\u00e3o preso em local inapropriado e o animal vive escapando e colocando em risco a integridade da solicitante e demais familiares.<\/p>\n\n\n\n<p>Os policiais ao chegarem no\u00a0local\u00a0orientaram a respons\u00e1vel pelo animal, sendo que o c\u00e3o j\u00e1 havia sido levado para outro local apropriado. A mulher relatou que n\u00e3o havia acontecido o fato antes, e que o animal dessa vez escapou mas n\u00e3o avan\u00e7ou na solicitante como ela estava relatando.<\/p>\n\n\n\n<p>Diante dos fatos,\u00a0e como n\u00e3o havia interesse na representa\u00e7\u00e3o por parte da solicitante,\u00a0ambas as partes foram orientadas quanto as providencias cab\u00edveis.<\/p>\n\n\n\n<figure class=\"wp-block-image size-full\"><img decoding=\"async\" src=\"https:\/\/radiostudiow.com.br\/site\/wp-content\/uploads\/2022\/04\/SEPAC.jpg\" alt=\"\" class=\"wp-image-7113\"\/><\/figure>\n","protected":false},"excerpt":{"rendered":"<p>A Pol\u00edcia Militar\u00a0de S\u00e3o Mateus do Sul foi acionada na sexta-feira, 27 de maio, na Vila Palmeirinha para prestar atendimento a uma ocorr\u00eancia de omiss\u00e3o da cautela na guarda de animal. De acordo com a solicitante, sua vizinha tem um c\u00e3o da ra\u00e7a Pitbull, o qual escapou e tentou atacar a filha 1 ano e [&hellip;]<\/p>\n","protected":false},"author":2,"featured_media":0,"comment_status":"open","ping_status":"open","sticky":false,"template":"","format":"standard","meta":{"footnotes":""},"categories":[2],"tags":[172],"class_list":["post-7570","post","type-post","status-publish","format-standard","hentry","category-policial","tag-featured"],"amp_enabled":true,"_links":{"self":[{"href":"https:\/\/radiostudiow.com.br\/site\/wp-json\/wp\/v2\/posts\/7570","targetHints":{"allow":["GET"]}}],"collection":[{"href":"https:\/\/radiostudiow.com.br\/site\/wp-json\/wp\/v2\/posts"}],"about":[{"href":"https:\/\/radiostudiow.com.br\/site\/wp-json\/wp\/v2\/types\/post"}],"author":[{"embeddable":true,"href":"https:\/\/radiostudiow.com.br\/site\/wp-json\/wp\/v2\/users\/2"}],"replies":[{"embeddable":true,"href":"https:\/\/radiostudiow.com.br\/site\/wp-json\/wp\/v2\/comments?post=7570"}],"version-history":[{"count":1,"href":"https:\/\/radiostudiow.com.br\/site\/wp-json\/wp\/v2\/posts\/7570\/revisions"}],"predecessor-version":[{"id":7571,"href":"https:\/\/radiostudiow.com.br\/site\/wp-json\/wp\/v2\/posts\/7570\/revisions\/7571"}],"wp:attachment":[{"href":"https:\/\/radiostudiow.com.br\/site\/wp-json\/wp\/v2\/media?parent=7570"}],"wp:term":[{"taxonomy":"category","embeddable":true,"href":"https:\/\/radiostudiow.com.br\/site\/wp-json\/wp\/v2\/categories?post=7570"},{"taxonomy":"post_tag","embeddable":true,"href":"https:\/\/radiostudiow.com.br\/site\/wp-json\/wp\/v2\/tags?post=7570"}],"curies":[{"name":"wp","href":"https:\/\/api.w.org\/{rel}","templated":true}]}}