{"id":7582,"date":"2022-05-30T15:22:51","date_gmt":"2022-05-30T18:22:51","guid":{"rendered":"https:\/\/radiostudiow.com.br\/site\/?p=7582"},"modified":"2025-01-31T15:10:07","modified_gmt":"2025-01-31T18:10:07","slug":"pm-de-mallet-prendem-homem-por-mandado-de-prisao","status":"publish","type":"post","link":"https:\/\/radiostudiow.com.br\/site\/2022\/05\/30\/pm-de-mallet-prendem-homem-por-mandado-de-prisao\/","title":{"rendered":"PM de Mallet prendem homem por mandado de pris\u00e3o"},"content":{"rendered":"\n<figure class=\"wp-block-image size-full\"><img decoding=\"async\" src=\"https:\/\/radiostudiow.com.br\/site\/wp-content\/uploads\/2022\/05\/vem_ai.jpg\" alt=\"\" class=\"wp-image-7348\"\/><\/figure>\n\n\n\n<p>A equipe da Pol\u00edcia Militar de Mallet estava realizando patrulhamento pela Rua Estevam Baran, quando avistaram um suspeito conhecido da \u00e1rea policial por volta das 14:20 horas deste domingo (29).<\/p>\n\n\n\n<p>O suspeito foi abordado e com ele nada de il\u00edcito foi encontrado, em consulta ao sistema foi encontrado em desfavor do mesmo um mandado de pris\u00e3o.<\/p>\n\n\n\n<p>Diante da situa\u00e7\u00e3o foram lidos seus direitos constitucionais, apresentado o mandado de pris\u00e3o e dado voz de pris\u00e3o.<\/p>\n\n\n\n<figure class=\"wp-block-image size-full\"><img decoding=\"async\" src=\"https:\/\/radiostudiow.com.br\/site\/wp-content\/uploads\/2022\/05\/HF-MALLET-1.jpg\" alt=\"\" class=\"wp-image-7563\"\/><\/figure>\n","protected":false},"excerpt":{"rendered":"<p>A equipe da Pol\u00edcia Militar de Mallet estava realizando patrulhamento pela Rua Estevam Baran, quando avistaram um suspeito conhecido da \u00e1rea policial por volta das 14:20 horas deste domingo (29). O suspeito foi abordado e com ele nada de il\u00edcito foi encontrado, em consulta ao sistema foi encontrado em desfavor do mesmo um mandado de [&hellip;]<\/p>\n","protected":false},"author":2,"featured_media":7583,"comment_status":"open","ping_status":"open","sticky":false,"template":"","format":"standard","meta":{"footnotes":""},"categories":[2],"tags":[172],"class_list":["post-7582","post","type-post","status-publish","format-standard","has-post-thumbnail","hentry","category-policial","tag-featured"],"amp_enabled":true,"_links":{"self":[{"href":"https:\/\/radiostudiow.com.br\/site\/wp-json\/wp\/v2\/posts\/7582","targetHints":{"allow":["GET"]}}],"collection":[{"href":"https:\/\/radiostudiow.com.br\/site\/wp-json\/wp\/v2\/posts"}],"about":[{"href":"https:\/\/radiostudiow.com.br\/site\/wp-json\/wp\/v2\/types\/post"}],"author":[{"embeddable":true,"href":"https:\/\/radiostudiow.com.br\/site\/wp-json\/wp\/v2\/users\/2"}],"replies":[{"embeddable":true,"href":"https:\/\/radiostudiow.com.br\/site\/wp-json\/wp\/v2\/comments?post=7582"}],"version-history":[{"count":1,"href":"https:\/\/radiostudiow.com.br\/site\/wp-json\/wp\/v2\/posts\/7582\/revisions"}],"predecessor-version":[{"id":7584,"href":"https:\/\/radiostudiow.com.br\/site\/wp-json\/wp\/v2\/posts\/7582\/revisions\/7584"}],"wp:featuredmedia":[{"embeddable":true,"href":"https:\/\/radiostudiow.com.br\/site\/wp-json\/wp\/v2\/media\/7583"}],"wp:attachment":[{"href":"https:\/\/radiostudiow.com.br\/site\/wp-json\/wp\/v2\/media?parent=7582"}],"wp:term":[{"taxonomy":"category","embeddable":true,"href":"https:\/\/radiostudiow.com.br\/site\/wp-json\/wp\/v2\/categories?post=7582"},{"taxonomy":"post_tag","embeddable":true,"href":"https:\/\/radiostudiow.com.br\/site\/wp-json\/wp\/v2\/tags?post=7582"}],"curies":[{"name":"wp","href":"https:\/\/api.w.org\/{rel}","templated":true}]}}