{"id":7585,"date":"2022-05-30T16:20:47","date_gmt":"2022-05-30T19:20:47","guid":{"rendered":"https:\/\/radiostudiow.com.br\/site\/?p=7585"},"modified":"2025-01-31T15:10:06","modified_gmt":"2025-01-31T18:10:06","slug":"homem-e-preso-por-mandado-de-prisao-em-paulo-frontin","status":"publish","type":"post","link":"https:\/\/radiostudiow.com.br\/site\/2022\/05\/30\/homem-e-preso-por-mandado-de-prisao-em-paulo-frontin\/","title":{"rendered":"Homem \u00e9 preso por mandado de pris\u00e3o em Paulo Frontin"},"content":{"rendered":"\n<figure class=\"wp-block-image size-full\"><img decoding=\"async\" src=\"https:\/\/radiostudiow.com.br\/site\/wp-content\/uploads\/2022\/03\/SEPAC.jpg\" alt=\"\" class=\"wp-image-6528\"\/><\/figure>\n\n\n\n<p>A equipe da Pol\u00edcia Militar de Paulo Frontin realizava patrulhamento no bairro Barreiros, quando abordou um homem que possu\u00eda um mandado de pris\u00e3o em seu desfavor.<\/p>\n\n\n\n<p>A situa\u00e7\u00e3o ocorreu por volta das 14:00horas deste s\u00e1bado (28).<\/p>\n\n\n\n<p>Diante dos fatos foi dado voz de pris\u00e3o para o mesmo, o qual foi conduzido para o Depen\/PR na cidade de Uni\u00e3o da Vit\u00f3ria.<\/p>\n\n\n\n<figure class=\"wp-block-image size-full\"><img decoding=\"async\" src=\"https:\/\/radiostudiow.com.br\/site\/wp-content\/uploads\/2022\/05\/WRNET.jpg\" alt=\"\" class=\"wp-image-7328\"\/><\/figure>\n","protected":false},"excerpt":{"rendered":"<p>A equipe da Pol\u00edcia Militar de Paulo Frontin realizava patrulhamento no bairro Barreiros, quando abordou um homem que possu\u00eda um mandado de pris\u00e3o em seu desfavor. A situa\u00e7\u00e3o ocorreu por volta das 14:00horas deste s\u00e1bado (28). Diante dos fatos foi dado voz de pris\u00e3o para o mesmo, o qual foi conduzido para o Depen\/PR na [&hellip;]<\/p>\n","protected":false},"author":2,"featured_media":6892,"comment_status":"open","ping_status":"open","sticky":false,"template":"","format":"standard","meta":{"footnotes":""},"categories":[2],"tags":[172],"class_list":["post-7585","post","type-post","status-publish","format-standard","has-post-thumbnail","hentry","category-policial","tag-featured"],"amp_enabled":true,"_links":{"self":[{"href":"https:\/\/radiostudiow.com.br\/site\/wp-json\/wp\/v2\/posts\/7585","targetHints":{"allow":["GET"]}}],"collection":[{"href":"https:\/\/radiostudiow.com.br\/site\/wp-json\/wp\/v2\/posts"}],"about":[{"href":"https:\/\/radiostudiow.com.br\/site\/wp-json\/wp\/v2\/types\/post"}],"author":[{"embeddable":true,"href":"https:\/\/radiostudiow.com.br\/site\/wp-json\/wp\/v2\/users\/2"}],"replies":[{"embeddable":true,"href":"https:\/\/radiostudiow.com.br\/site\/wp-json\/wp\/v2\/comments?post=7585"}],"version-history":[{"count":1,"href":"https:\/\/radiostudiow.com.br\/site\/wp-json\/wp\/v2\/posts\/7585\/revisions"}],"predecessor-version":[{"id":7586,"href":"https:\/\/radiostudiow.com.br\/site\/wp-json\/wp\/v2\/posts\/7585\/revisions\/7586"}],"wp:featuredmedia":[{"embeddable":true,"href":"https:\/\/radiostudiow.com.br\/site\/wp-json\/wp\/v2\/media\/6892"}],"wp:attachment":[{"href":"https:\/\/radiostudiow.com.br\/site\/wp-json\/wp\/v2\/media?parent=7585"}],"wp:term":[{"taxonomy":"category","embeddable":true,"href":"https:\/\/radiostudiow.com.br\/site\/wp-json\/wp\/v2\/categories?post=7585"},{"taxonomy":"post_tag","embeddable":true,"href":"https:\/\/radiostudiow.com.br\/site\/wp-json\/wp\/v2\/tags?post=7585"}],"curies":[{"name":"wp","href":"https:\/\/api.w.org\/{rel}","templated":true}]}}