{"id":7595,"date":"2022-05-31T11:22:47","date_gmt":"2022-05-31T14:22:47","guid":{"rendered":"https:\/\/radiostudiow.com.br\/site\/?p=7595"},"modified":"2025-01-31T15:10:06","modified_gmt":"2025-01-31T18:10:06","slug":"jovem-em-surto-psicotico-ameaca-os-pais-em-sao-mateus-do-sul","status":"publish","type":"post","link":"https:\/\/radiostudiow.com.br\/site\/2022\/05\/31\/jovem-em-surto-psicotico-ameaca-os-pais-em-sao-mateus-do-sul\/","title":{"rendered":"Jovem em surto psic\u00f3tico amea\u00e7a os pais\u00a0em\u00a0S\u00e3o Mateus do Sul"},"content":{"rendered":"\n<figure class=\"wp-block-image size-full\"><img decoding=\"async\" src=\"https:\/\/radiostudiow.com.br\/site\/wp-content\/uploads\/2022\/05\/HF-MALLET.jpg\" alt=\"\" class=\"wp-image-7549\"\/><\/figure>\n\n\n\n<p>Na noite desta segunda-feira,30 de maio, a equipe da Pol\u00edcia Militar foi acionada para atender uma ocorr\u00eancia em que um jovem, em surto psic\u00f3tico, amea\u00e7ava os pais com uma faca. A situa\u00e7\u00e3o ocorreu na localidade de Lageado, em S\u00e3o Mateus do Sul.<\/p>\n\n\n\n<p>Quando chegaram ao local, os policiais foram abordados pelo respons\u00e1vel do menor, que relatou que o filho sofre de esquizofrenia, e que por n\u00e3o tomar os rem\u00e9dios, entra em surto, amea\u00e7ando ele e sua esposa. O homem ainda informou que o jovem ainda chegou a pegar uma faca da cozinha para amea\u00e7\u00e1-los.<\/p>\n\n\n\n<p>No momento em que a equipe chegou na resid\u00eancia, o menor j\u00e1 havia se evadido, n\u00e3o sendo poss\u00edvel localiz\u00e1-lo. Foram repassadas orienta\u00e7\u00f5es aos pais sobre o caso.<\/p>\n\n\n\n<p><\/p>\n\n\n\n<figure class=\"wp-block-image size-full\"><img decoding=\"async\" src=\"https:\/\/radiostudiow.com.br\/site\/wp-content\/uploads\/2022\/05\/NUTRI-MALLET.jpg\" alt=\"\" class=\"wp-image-7282\"\/><\/figure>\n","protected":false},"excerpt":{"rendered":"<p>Na noite desta segunda-feira,30 de maio, a equipe da Pol\u00edcia Militar foi acionada para atender uma ocorr\u00eancia em que um jovem, em surto psic\u00f3tico, amea\u00e7ava os pais com uma faca. A situa\u00e7\u00e3o ocorreu na localidade de Lageado, em S\u00e3o Mateus do Sul. Quando chegaram ao local, os policiais foram abordados pelo respons\u00e1vel do menor, que [&hellip;]<\/p>\n","protected":false},"author":2,"featured_media":0,"comment_status":"open","ping_status":"open","sticky":false,"template":"","format":"standard","meta":{"footnotes":""},"categories":[2],"tags":[172],"class_list":["post-7595","post","type-post","status-publish","format-standard","hentry","category-policial","tag-featured"],"amp_enabled":true,"_links":{"self":[{"href":"https:\/\/radiostudiow.com.br\/site\/wp-json\/wp\/v2\/posts\/7595","targetHints":{"allow":["GET"]}}],"collection":[{"href":"https:\/\/radiostudiow.com.br\/site\/wp-json\/wp\/v2\/posts"}],"about":[{"href":"https:\/\/radiostudiow.com.br\/site\/wp-json\/wp\/v2\/types\/post"}],"author":[{"embeddable":true,"href":"https:\/\/radiostudiow.com.br\/site\/wp-json\/wp\/v2\/users\/2"}],"replies":[{"embeddable":true,"href":"https:\/\/radiostudiow.com.br\/site\/wp-json\/wp\/v2\/comments?post=7595"}],"version-history":[{"count":1,"href":"https:\/\/radiostudiow.com.br\/site\/wp-json\/wp\/v2\/posts\/7595\/revisions"}],"predecessor-version":[{"id":7596,"href":"https:\/\/radiostudiow.com.br\/site\/wp-json\/wp\/v2\/posts\/7595\/revisions\/7596"}],"wp:attachment":[{"href":"https:\/\/radiostudiow.com.br\/site\/wp-json\/wp\/v2\/media?parent=7595"}],"wp:term":[{"taxonomy":"category","embeddable":true,"href":"https:\/\/radiostudiow.com.br\/site\/wp-json\/wp\/v2\/categories?post=7595"},{"taxonomy":"post_tag","embeddable":true,"href":"https:\/\/radiostudiow.com.br\/site\/wp-json\/wp\/v2\/tags?post=7595"}],"curies":[{"name":"wp","href":"https:\/\/api.w.org\/{rel}","templated":true}]}}