{"id":7597,"date":"2022-05-31T12:03:03","date_gmt":"2022-05-31T15:03:03","guid":{"rendered":"https:\/\/radiostudiow.com.br\/site\/?p=7597"},"modified":"2025-01-31T15:10:06","modified_gmt":"2025-01-31T18:10:06","slug":"pm-e-rotam-prendem-em-paula-freitas-autores-de-roubo-em-sao-mateus-do-sul","status":"publish","type":"post","link":"https:\/\/radiostudiow.com.br\/site\/2022\/05\/31\/pm-e-rotam-prendem-em-paula-freitas-autores-de-roubo-em-sao-mateus-do-sul\/","title":{"rendered":"PM e ROTAM prendem em Paula Freitas autores de roubo em S\u00e3o Mateus do Sul"},"content":{"rendered":"\n<figure class=\"wp-block-image size-full\"><img decoding=\"async\" src=\"https:\/\/radiostudiow.com.br\/site\/wp-content\/uploads\/2022\/05\/SEPAC.jpg\" alt=\"\" class=\"wp-image-7600\"\/><\/figure>\n\n\n\n<p>Por volta das 10:20 horas desse domingo, 29, um mercado do bairro S\u00e3o Joaquim, em S\u00e3o Mateus do Sul foi roubado. A equipe da Pol\u00edcia Militar foi ao local e em conversa com o propriet\u00e1rio do mercado, este informou que tr\u00eas homens encapuzados, com m\u00e1scaras e armados teriam levado a quantia de aproximadamente R$ 1 mil e tamb\u00e9m seu ve\u00edculo, um Fiat Uno, fugindo sentido Uni\u00e3o da Vit\u00f3ria.<\/p>\n\n\n\n<p>Diante dos fatos a equipe policial se deslocou pela BR 476, e repassou a informa\u00e7\u00e3o da ocorr\u00eancia para os munic\u00edpios que fazem divisa de \u00e1rea. Assim, uma equipe de Paula Freitas em patrulhamento por uma via rural do municipio avistou o ve\u00edculo roubado e come\u00e7ou o acompanhamento. Em determinado momento o condutor do Fiat Uno saiu da estrada principal sentido a um terreno de ro\u00e7a, onde o ve\u00edculo foi abandonado pelos assaltantes, os quais fugiram para uma \u00e1rea de mata. Foram realizadas dilig\u00eancias pr\u00f3ximas ao ve\u00edculo abandonado mas n\u00e3o houve \u00eaxito na localiza\u00e7\u00e3o dos autores. O veiculo foi removido e levado at\u00e9 a 3\u00aa Subdivi\u00e3o Policial de S\u00e3o Mateus do Sul.<\/p>\n\n\n\n<p>J\u00e1 por volta das 14h a PM ainda em dilig\u00eancias, populares relataram ter visto tr\u00eas homens com as mesmas caracter\u00edsticas dos autores do roubo. Equipe da ROTAM se deslocou e em conversa com transeuntes, estes relataram que foram abordados por tr\u00eas indiv\u00edduos que solicitaram roupas. Com a chegada de mais policiais, foi iniciado uma incurs\u00e3o em mata e, em determinado momento, avistado os autores, sendo dada voz de abordagem, que n\u00e3o foi acatada.<\/p>\n\n\n\n<figure class=\"wp-block-image size-full\"><img decoding=\"async\" src=\"https:\/\/radiostudiow.com.br\/site\/wp-content\/uploads\/2022\/05\/282625550_4772870006156223_2624889902720559499_n-1.jpg\" alt=\"\" class=\"wp-image-7599\"\/><\/figure>\n\n\n\n<figure class=\"wp-block-image size-full\"><img decoding=\"async\" src=\"https:\/\/radiostudiow.com.br\/site\/wp-content\/uploads\/2022\/05\/vem_ai.jpg\" alt=\"\" class=\"wp-image-7348\"\/><\/figure>\n\n\n\n<p>Um dos homens havia um volume na regi\u00e3o do baixo abd\u00eamn fazendo men\u00e7\u00e3o de estar armado. A PM precisou realizar um disparo de arma de fogo, o que fez com que os mesmos se rendessem, Em revista pessoal nada de il\u00edcito foi localizado, por\u00e9m em busca ao terreno, foi encontrado uma carteira contendo R$ 1.380,60, um celular Samsung Galaxy J2 preto e uma arma de press\u00e3o por CO2, cal 4.5 mm utilizada no roubo.<\/p>\n\n\n\n<p>Diante dos fatos os autores receberam voz de pris\u00e3o. Ao serem questionados sobre os outros objetos subtra\u00eddos, relataram que durante o deslocamento passaram por Paulo Frontin e deixaram duas caixas de ferramentas na casa da prima de um dos autores. De posse do endere\u00e7o, uma equipe de Paulo Frontin, se deslocou at\u00e9 a resid\u00eancia sendo que a mulher confirmou a vers\u00e3o dos detidos bem como apresentou os objetos.<\/p>\n\n\n\n<p>Os tr\u00eas autores relataram que roubaram o mercado por estarem em d\u00edvidas com a fac\u00e7\u00e3o criminosa denominada PCC. A equipe da ROTAM conduziu os indiv\u00edduos para a 4\u00aa Subdivis\u00e3o Policial em Uni\u00e3o da Vit\u00f3ria, assim como a equipe de Paulo Frontin conduziu a prima e os objetos para os procedimentos necess\u00e1rios.<\/p>\n\n\n\n<figure class=\"wp-block-image size-full\"><img decoding=\"async\" src=\"https:\/\/radiostudiow.com.br\/site\/wp-content\/uploads\/2022\/05\/WRNET.jpg\" alt=\"\" class=\"wp-image-7328\"\/><\/figure>\n","protected":false},"excerpt":{"rendered":"<p>Por volta das 10:20 horas desse domingo, 29, um mercado do bairro S\u00e3o Joaquim, em S\u00e3o Mateus do Sul foi roubado. A equipe da Pol\u00edcia Militar foi ao local e em conversa com o propriet\u00e1rio do mercado, este informou que tr\u00eas homens encapuzados, com m\u00e1scaras e armados teriam levado a quantia de aproximadamente R$ 1 [&hellip;]<\/p>\n","protected":false},"author":2,"featured_media":0,"comment_status":"open","ping_status":"open","sticky":false,"template":"","format":"standard","meta":{"footnotes":""},"categories":[2],"tags":[172],"class_list":["post-7597","post","type-post","status-publish","format-standard","hentry","category-policial","tag-featured"],"amp_enabled":true,"_links":{"self":[{"href":"https:\/\/radiostudiow.com.br\/site\/wp-json\/wp\/v2\/posts\/7597","targetHints":{"allow":["GET"]}}],"collection":[{"href":"https:\/\/radiostudiow.com.br\/site\/wp-json\/wp\/v2\/posts"}],"about":[{"href":"https:\/\/radiostudiow.com.br\/site\/wp-json\/wp\/v2\/types\/post"}],"author":[{"embeddable":true,"href":"https:\/\/radiostudiow.com.br\/site\/wp-json\/wp\/v2\/users\/2"}],"replies":[{"embeddable":true,"href":"https:\/\/radiostudiow.com.br\/site\/wp-json\/wp\/v2\/comments?post=7597"}],"version-history":[{"count":1,"href":"https:\/\/radiostudiow.com.br\/site\/wp-json\/wp\/v2\/posts\/7597\/revisions"}],"predecessor-version":[{"id":7601,"href":"https:\/\/radiostudiow.com.br\/site\/wp-json\/wp\/v2\/posts\/7597\/revisions\/7601"}],"wp:attachment":[{"href":"https:\/\/radiostudiow.com.br\/site\/wp-json\/wp\/v2\/media?parent=7597"}],"wp:term":[{"taxonomy":"category","embeddable":true,"href":"https:\/\/radiostudiow.com.br\/site\/wp-json\/wp\/v2\/categories?post=7597"},{"taxonomy":"post_tag","embeddable":true,"href":"https:\/\/radiostudiow.com.br\/site\/wp-json\/wp\/v2\/tags?post=7597"}],"curies":[{"name":"wp","href":"https:\/\/api.w.org\/{rel}","templated":true}]}}