{"id":7604,"date":"2022-05-31T15:30:27","date_gmt":"2022-05-31T18:30:27","guid":{"rendered":"https:\/\/radiostudiow.com.br\/site\/?p=7604"},"modified":"2025-01-31T15:10:06","modified_gmt":"2025-01-31T18:10:06","slug":"mulher-sofre-ferimentos-moderados-apos-agressao-em-sao-mateus-do-sul-2","status":"publish","type":"post","link":"https:\/\/radiostudiow.com.br\/site\/2022\/05\/31\/mulher-sofre-ferimentos-moderados-apos-agressao-em-sao-mateus-do-sul-2\/","title":{"rendered":"Mulher sofre ferimentos moderados ap\u00f3s agress\u00e3o em S\u00e3o Mateus do Sul"},"content":{"rendered":"\n<figure class=\"wp-block-image size-full\"><img decoding=\"async\" src=\"https:\/\/radiostudiow.com.br\/site\/wp-content\/uploads\/2022\/03\/SICREDI.jpg\" alt=\"\" class=\"wp-image-6409\"\/><\/figure>\n\n\n\n<p>Uma mulher de 31 anos foi encaminhada na madrugada desta segunda-feira, 30 de maio, ao Pronto Atendimento Municipal de S\u00e3o Mateus do Sul ap\u00f3s uma les\u00e3o corporal.<\/p>\n\n\n\n<p>Segundo informa\u00e7\u00f5es do Corpo de Bombeiros, que foi acionado \u00e0s 01h05 na Rua Rodolfo Wolff, na Vila Amaral, a mulher estava consciente e apresentava ferimentos moderados como escoria\u00e7\u00f5es e contus\u00e3o em face, cr\u00e2nio, dorso, t\u00f3rax e membros superiores.<\/p>\n\n\n\n<p>A Pol\u00edcia Militar tamb\u00e9m prestou atendimento a ocorr\u00eancia. Segundo informa\u00e7\u00f5es, a mulher havia comparecido na casa de seu ex-marido para cobrar pens\u00e3o aliment\u00edcia, sendo que em determinado momento eles come\u00e7aram a discutir. A v\u00edtima foi agredida pelo ex-marido e sua atual companheira, que evadiram-se do local. Feito patrulhamento no local, os respons\u00e1veis pela agress\u00e3o n\u00e3o foram localizados.<\/p>\n\n\n\n<p><a rel=\"noreferrer noopener\" href=\"https:\/\/portalrdx.com.br\/#twitter\" target=\"_blank\"><\/a><\/p>\n\n\n\n<figure class=\"wp-block-image size-full\"><img decoding=\"async\" src=\"https:\/\/radiostudiow.com.br\/site\/wp-content\/uploads\/2022\/04\/AFUBRE-IRATI.jpg\" alt=\"\" class=\"wp-image-7116\"\/><\/figure>\n","protected":false},"excerpt":{"rendered":"<p>Uma mulher de 31 anos foi encaminhada na madrugada desta segunda-feira, 30 de maio, ao Pronto Atendimento Municipal de S\u00e3o Mateus do Sul ap\u00f3s uma les\u00e3o corporal. Segundo informa\u00e7\u00f5es do Corpo de Bombeiros, que foi acionado \u00e0s 01h05 na Rua Rodolfo Wolff, na Vila Amaral, a mulher estava consciente e apresentava ferimentos moderados como escoria\u00e7\u00f5es [&hellip;]<\/p>\n","protected":false},"author":2,"featured_media":6882,"comment_status":"open","ping_status":"open","sticky":false,"template":"","format":"standard","meta":{"footnotes":""},"categories":[2],"tags":[172],"class_list":["post-7604","post","type-post","status-publish","format-standard","has-post-thumbnail","hentry","category-policial","tag-featured"],"amp_enabled":true,"_links":{"self":[{"href":"https:\/\/radiostudiow.com.br\/site\/wp-json\/wp\/v2\/posts\/7604","targetHints":{"allow":["GET"]}}],"collection":[{"href":"https:\/\/radiostudiow.com.br\/site\/wp-json\/wp\/v2\/posts"}],"about":[{"href":"https:\/\/radiostudiow.com.br\/site\/wp-json\/wp\/v2\/types\/post"}],"author":[{"embeddable":true,"href":"https:\/\/radiostudiow.com.br\/site\/wp-json\/wp\/v2\/users\/2"}],"replies":[{"embeddable":true,"href":"https:\/\/radiostudiow.com.br\/site\/wp-json\/wp\/v2\/comments?post=7604"}],"version-history":[{"count":1,"href":"https:\/\/radiostudiow.com.br\/site\/wp-json\/wp\/v2\/posts\/7604\/revisions"}],"predecessor-version":[{"id":7605,"href":"https:\/\/radiostudiow.com.br\/site\/wp-json\/wp\/v2\/posts\/7604\/revisions\/7605"}],"wp:featuredmedia":[{"embeddable":true,"href":"https:\/\/radiostudiow.com.br\/site\/wp-json\/wp\/v2\/media\/6882"}],"wp:attachment":[{"href":"https:\/\/radiostudiow.com.br\/site\/wp-json\/wp\/v2\/media?parent=7604"}],"wp:term":[{"taxonomy":"category","embeddable":true,"href":"https:\/\/radiostudiow.com.br\/site\/wp-json\/wp\/v2\/categories?post=7604"},{"taxonomy":"post_tag","embeddable":true,"href":"https:\/\/radiostudiow.com.br\/site\/wp-json\/wp\/v2\/tags?post=7604"}],"curies":[{"name":"wp","href":"https:\/\/api.w.org\/{rel}","templated":true}]}}