{"id":7609,"date":"2022-05-31T16:35:12","date_gmt":"2022-05-31T19:35:12","guid":{"rendered":"https:\/\/radiostudiow.com.br\/site\/?p=7609"},"modified":"2025-01-31T15:10:06","modified_gmt":"2025-01-31T18:10:06","slug":"mulher-tem-para-choque-de-veiculo-furtado-apos-acidente-em-sao-mateus-do-sul","status":"publish","type":"post","link":"https:\/\/radiostudiow.com.br\/site\/2022\/05\/31\/mulher-tem-para-choque-de-veiculo-furtado-apos-acidente-em-sao-mateus-do-sul\/","title":{"rendered":"Mulher tem para-choque de ve\u00edculo furtado ap\u00f3s acidente em S\u00e3o Mateus do Sul"},"content":{"rendered":"\n<figure class=\"wp-block-image size-full\"><img decoding=\"async\" src=\"https:\/\/radiostudiow.com.br\/site\/wp-content\/uploads\/2022\/05\/NUTRI-MALLET.jpg\" alt=\"\" class=\"wp-image-7282\"\/><\/figure>\n\n\n\n<p>Uma mulher compareceu na sede da Pol\u00edcia Militar, informando que ap\u00f3s se envolver em um acidente de tr\u00e2nsito na tarde desta segunda-feira, 30 de maio, no cruzamento das ruas Altino Ferreira Lima com Tenente Max Wolff Filho, teve o para-choque de um ve\u00edculo furtado.<\/p>\n\n\n\n<p>A solicitante tamb\u00e9m registrou o boletim de ocorr\u00eancia, ap\u00f3s colidir com uma motocicleta, resultando em danos materiais de pequena monta em ambos os ve\u00edculos e ferimentos leves no piloto, que foi socorrido e levado ao Pronto Atendimento Municipal pela condutora do ve\u00edculo.<\/p>\n\n\n\n<p>Em uma publica\u00e7\u00e3o nas redes sociais, a propriet\u00e1ria informou que o para-choque \u00e9 de um ve\u00edculo Renault Duster, de cor branca, com placas Mercosul. Quem tiver informa\u00e7\u00f5es, pode entrar em contato pelos telefones 42 98808 0429 e 98852 6936.<\/p>\n\n\n\n<figure class=\"wp-block-image size-full\"><img decoding=\"async\" src=\"https:\/\/radiostudiow.com.br\/site\/wp-content\/uploads\/2022\/04\/SEPAC.jpg\" alt=\"\" class=\"wp-image-7113\"\/><\/figure>\n","protected":false},"excerpt":{"rendered":"<p>Uma mulher compareceu na sede da Pol\u00edcia Militar, informando que ap\u00f3s se envolver em um acidente de tr\u00e2nsito na tarde desta segunda-feira, 30 de maio, no cruzamento das ruas Altino Ferreira Lima com Tenente Max Wolff Filho, teve o para-choque de um ve\u00edculo furtado. A solicitante tamb\u00e9m registrou o boletim de ocorr\u00eancia, ap\u00f3s colidir com [&hellip;]<\/p>\n","protected":false},"author":2,"featured_media":7610,"comment_status":"open","ping_status":"open","sticky":false,"template":"","format":"standard","meta":{"footnotes":""},"categories":[2],"tags":[172],"class_list":["post-7609","post","type-post","status-publish","format-standard","has-post-thumbnail","hentry","category-policial","tag-featured"],"amp_enabled":true,"_links":{"self":[{"href":"https:\/\/radiostudiow.com.br\/site\/wp-json\/wp\/v2\/posts\/7609","targetHints":{"allow":["GET"]}}],"collection":[{"href":"https:\/\/radiostudiow.com.br\/site\/wp-json\/wp\/v2\/posts"}],"about":[{"href":"https:\/\/radiostudiow.com.br\/site\/wp-json\/wp\/v2\/types\/post"}],"author":[{"embeddable":true,"href":"https:\/\/radiostudiow.com.br\/site\/wp-json\/wp\/v2\/users\/2"}],"replies":[{"embeddable":true,"href":"https:\/\/radiostudiow.com.br\/site\/wp-json\/wp\/v2\/comments?post=7609"}],"version-history":[{"count":1,"href":"https:\/\/radiostudiow.com.br\/site\/wp-json\/wp\/v2\/posts\/7609\/revisions"}],"predecessor-version":[{"id":7611,"href":"https:\/\/radiostudiow.com.br\/site\/wp-json\/wp\/v2\/posts\/7609\/revisions\/7611"}],"wp:featuredmedia":[{"embeddable":true,"href":"https:\/\/radiostudiow.com.br\/site\/wp-json\/wp\/v2\/media\/7610"}],"wp:attachment":[{"href":"https:\/\/radiostudiow.com.br\/site\/wp-json\/wp\/v2\/media?parent=7609"}],"wp:term":[{"taxonomy":"category","embeddable":true,"href":"https:\/\/radiostudiow.com.br\/site\/wp-json\/wp\/v2\/categories?post=7609"},{"taxonomy":"post_tag","embeddable":true,"href":"https:\/\/radiostudiow.com.br\/site\/wp-json\/wp\/v2\/tags?post=7609"}],"curies":[{"name":"wp","href":"https:\/\/api.w.org\/{rel}","templated":true}]}}