{"id":7617,"date":"2022-05-30T10:26:00","date_gmt":"2022-05-30T13:26:00","guid":{"rendered":"https:\/\/radiostudiow.com.br\/site\/?p=7617"},"modified":"2025-01-31T15:10:07","modified_gmt":"2025-01-31T18:10:07","slug":"trator-cai-de-uma-ponte-em-um-rio-na-colonia-duas-concordia-e-condutor-e-um-passageiro-saem-ilesos","status":"publish","type":"post","link":"https:\/\/radiostudiow.com.br\/site\/2022\/05\/30\/trator-cai-de-uma-ponte-em-um-rio-na-colonia-duas-concordia-e-condutor-e-um-passageiro-saem-ilesos\/","title":{"rendered":"Trator cai de uma ponte em um rio na Col\u00f4nia Duas Conc\u00f3rdia e condutor e um passageiro saem ilesos."},"content":{"rendered":"\n<p>Os Bombeiros Comunit\u00e1rios de Mallet tiveram muito trabalho para realizar um socorro neste domingo (29), quando um tratorista ao passar por uma ponte na localidade da Col\u00f4nia Duas Conc\u00f3rdia, acabou caindo em um riacho.<\/p>\n\n\n\n<p>Segundo moradores pr\u00f3ximo do acidente, ao escutarem o barulho e o pedido de socorro, comunicaram os Bombeiros Comunit\u00e1rios que juntamente com a ambul\u00e2ncia de plant\u00e3o\u00a0 da Secretaria de Sa\u00fade, deslocaram at\u00e9 o local.<\/p>\n\n\n\n<figure class=\"wp-block-image size-full\"><img decoding=\"async\" src=\"https:\/\/radiostudiow.com.br\/site\/wp-content\/uploads\/2022\/05\/vem_ai.jpg\" alt=\"\" class=\"wp-image-7348\"\/><\/figure>\n\n\n\n<p>Como chovia muito e o acesso principalmente com o caminh\u00e3o era dif\u00edcil, os agentes realizaram o socorro a p\u00e9 e transportaram a v\u00edtima at\u00e9 a ambul\u00e2ncia na prancha de resgate, que posteriormente foi levada para o Hospital S\u00e3o Pedro em Mallet.<\/p>\n\n\n\n<p>Ainda de acordo com os bombeiros comunit\u00e1rios,\u00a0 estaria junto no trator, mais uma v\u00edtima do acidente, mas n\u00e3o houve necessidade de atendimento.<\/p>\n\n\n\n<figure class=\"wp-block-image size-full\"><img decoding=\"async\" src=\"https:\/\/radiostudiow.com.br\/site\/wp-content\/uploads\/2022\/05\/NUTRI-MALLET.jpg\" alt=\"\" class=\"wp-image-7282\"\/><\/figure>\n\n\n\n<figure class=\"wp-block-gallery has-nested-images columns-1 is-cropped wp-block-gallery-1 is-layout-flex wp-block-gallery-is-layout-flex\">\n<figure class=\"wp-block-image size-large\"><img decoding=\"async\" data-id=\"7625\" src=\"https:\/\/radiostudiow.com.br\/site\/wp-content\/uploads\/2022\/05\/01-1-768x1024.jpeg\" alt=\"\" class=\"wp-image-7625\"\/><\/figure>\n\n\n\n<figure class=\"wp-block-image size-large\"><img decoding=\"async\" data-id=\"7623\" src=\"https:\/\/radiostudiow.com.br\/site\/wp-content\/uploads\/2022\/05\/02-1-768x1024.jpeg\" alt=\"\" class=\"wp-image-7623\"\/><\/figure>\n\n\n\n<figure class=\"wp-block-image size-large\"><img decoding=\"async\" data-id=\"7622\" src=\"https:\/\/radiostudiow.com.br\/site\/wp-content\/uploads\/2022\/05\/03-1-768x1024.jpeg\" alt=\"\" class=\"wp-image-7622\"\/><\/figure>\n\n\n\n<figure class=\"wp-block-image size-large\"><img decoding=\"async\" data-id=\"7624\" src=\"https:\/\/radiostudiow.com.br\/site\/wp-content\/uploads\/2022\/05\/04-1-768x1024.jpeg\" alt=\"\" class=\"wp-image-7624\"\/><\/figure>\n<\/figure>\n","protected":false},"excerpt":{"rendered":"<p>Os Bombeiros Comunit\u00e1rios de Mallet tiveram muito trabalho para realizar um socorro neste domingo (29), quando um tratorista ao passar por uma ponte na localidade da Col\u00f4nia Duas Conc\u00f3rdia, acabou caindo em um riacho. Segundo moradores pr\u00f3ximo do acidente, ao escutarem o barulho e o pedido de socorro, comunicaram os Bombeiros Comunit\u00e1rios que juntamente com [&hellip;]<\/p>\n","protected":false},"author":2,"featured_media":0,"comment_status":"open","ping_status":"open","sticky":false,"template":"","format":"standard","meta":{"footnotes":""},"categories":[184,2],"tags":[172],"class_list":["post-7617","post","type-post","status-publish","format-standard","hentry","category-local","category-policial","tag-featured"],"amp_enabled":true,"_links":{"self":[{"href":"https:\/\/radiostudiow.com.br\/site\/wp-json\/wp\/v2\/posts\/7617","targetHints":{"allow":["GET"]}}],"collection":[{"href":"https:\/\/radiostudiow.com.br\/site\/wp-json\/wp\/v2\/posts"}],"about":[{"href":"https:\/\/radiostudiow.com.br\/site\/wp-json\/wp\/v2\/types\/post"}],"author":[{"embeddable":true,"href":"https:\/\/radiostudiow.com.br\/site\/wp-json\/wp\/v2\/users\/2"}],"replies":[{"embeddable":true,"href":"https:\/\/radiostudiow.com.br\/site\/wp-json\/wp\/v2\/comments?post=7617"}],"version-history":[{"count":4,"href":"https:\/\/radiostudiow.com.br\/site\/wp-json\/wp\/v2\/posts\/7617\/revisions"}],"predecessor-version":[{"id":7631,"href":"https:\/\/radiostudiow.com.br\/site\/wp-json\/wp\/v2\/posts\/7617\/revisions\/7631"}],"wp:attachment":[{"href":"https:\/\/radiostudiow.com.br\/site\/wp-json\/wp\/v2\/media?parent=7617"}],"wp:term":[{"taxonomy":"category","embeddable":true,"href":"https:\/\/radiostudiow.com.br\/site\/wp-json\/wp\/v2\/categories?post=7617"},{"taxonomy":"post_tag","embeddable":true,"href":"https:\/\/radiostudiow.com.br\/site\/wp-json\/wp\/v2\/tags?post=7617"}],"curies":[{"name":"wp","href":"https:\/\/api.w.org\/{rel}","templated":true}]}}