{"id":7637,"date":"2022-06-01T16:57:12","date_gmt":"2022-06-01T19:57:12","guid":{"rendered":"https:\/\/radiostudiow.com.br\/site\/?p=7637"},"modified":"2025-01-31T15:10:06","modified_gmt":"2025-01-31T18:10:06","slug":"bebe-de-11-meses-e-dois-jovens-ficam-feridos-em-acidente-na-br-153-em-uniao-da-vitoria","status":"publish","type":"post","link":"https:\/\/radiostudiow.com.br\/site\/2022\/06\/01\/bebe-de-11-meses-e-dois-jovens-ficam-feridos-em-acidente-na-br-153-em-uniao-da-vitoria\/","title":{"rendered":"Beb\u00ea de 11 meses e dois jovens ficam feridos em acidente na BR-153 em Uni\u00e3o da Vit\u00f3ria"},"content":{"rendered":"\n<figure class=\"wp-block-image size-full\"><img decoding=\"async\" src=\"https:\/\/radiostudiow.com.br\/site\/wp-content\/uploads\/2022\/05\/WRNET.jpg\" alt=\"\" class=\"wp-image-7328\"\/><\/figure>\n\n\n\n<p>O Corpo de Bombeiros de Uni\u00e3o da Vit\u00f3ria esteve atendendo a um acidente de tr\u00e2nsito registrado durante a tarde dessa ter\u00e7a-feira, dia 31 de maio, aonde ao menos tr\u00eas pessoas ficaram feridas.<\/p>\n\n\n\n<p>De acordo com informa\u00e7\u00f5es, o acidente ocorreu por volta das 16h35, na rodovia BR-153 na altura do quil\u00f4metro 448 na regi\u00e3o de Uni\u00e3o da Vit\u00f3ria e envolveu dois carros, sendo um Ford\/Ka de cor preta e um VW\/Gol de cor prata.<\/p>\n\n\n\n<p>Entre as v\u00edtimas, estava um beb\u00ea de 11 meses o qual foi identificado pelas iniciais \u201cA. B. R.\u201d. Ele foi encaminhado com ferimentos leves para a Unidade de Pronto Atendimento \u2013 UPA de Uni\u00e3o da Vit\u00f3ria. Al\u00e9m do beb\u00ea dois jovens, sendo uma mulher de 21 anos identificada pelas iniciais \u201cJ. M. A.\u201d e um rapaz de 22 anos identificado pelas iniciais \u201cE. B. R.\u201d tamb\u00e9m foram socorridos com ferimentos leves.<\/p>\n\n\n\n<figure class=\"wp-block-image size-full\"><img decoding=\"async\" src=\"https:\/\/radiostudiow.com.br\/site\/wp-content\/uploads\/2022\/05\/NUTRI-MALLET.jpg\" alt=\"\" class=\"wp-image-7282\"\/><\/figure>\n","protected":false},"excerpt":{"rendered":"<p>O Corpo de Bombeiros de Uni\u00e3o da Vit\u00f3ria esteve atendendo a um acidente de tr\u00e2nsito registrado durante a tarde dessa ter\u00e7a-feira, dia 31 de maio, aonde ao menos tr\u00eas pessoas ficaram feridas. De acordo com informa\u00e7\u00f5es, o acidente ocorreu por volta das 16h35, na rodovia BR-153 na altura do quil\u00f4metro 448 na regi\u00e3o de Uni\u00e3o [&hellip;]<\/p>\n","protected":false},"author":2,"featured_media":7117,"comment_status":"open","ping_status":"open","sticky":false,"template":"","format":"standard","meta":{"footnotes":""},"categories":[2],"tags":[172],"class_list":["post-7637","post","type-post","status-publish","format-standard","has-post-thumbnail","hentry","category-policial","tag-featured"],"amp_enabled":true,"_links":{"self":[{"href":"https:\/\/radiostudiow.com.br\/site\/wp-json\/wp\/v2\/posts\/7637","targetHints":{"allow":["GET"]}}],"collection":[{"href":"https:\/\/radiostudiow.com.br\/site\/wp-json\/wp\/v2\/posts"}],"about":[{"href":"https:\/\/radiostudiow.com.br\/site\/wp-json\/wp\/v2\/types\/post"}],"author":[{"embeddable":true,"href":"https:\/\/radiostudiow.com.br\/site\/wp-json\/wp\/v2\/users\/2"}],"replies":[{"embeddable":true,"href":"https:\/\/radiostudiow.com.br\/site\/wp-json\/wp\/v2\/comments?post=7637"}],"version-history":[{"count":1,"href":"https:\/\/radiostudiow.com.br\/site\/wp-json\/wp\/v2\/posts\/7637\/revisions"}],"predecessor-version":[{"id":7638,"href":"https:\/\/radiostudiow.com.br\/site\/wp-json\/wp\/v2\/posts\/7637\/revisions\/7638"}],"wp:featuredmedia":[{"embeddable":true,"href":"https:\/\/radiostudiow.com.br\/site\/wp-json\/wp\/v2\/media\/7117"}],"wp:attachment":[{"href":"https:\/\/radiostudiow.com.br\/site\/wp-json\/wp\/v2\/media?parent=7637"}],"wp:term":[{"taxonomy":"category","embeddable":true,"href":"https:\/\/radiostudiow.com.br\/site\/wp-json\/wp\/v2\/categories?post=7637"},{"taxonomy":"post_tag","embeddable":true,"href":"https:\/\/radiostudiow.com.br\/site\/wp-json\/wp\/v2\/tags?post=7637"}],"curies":[{"name":"wp","href":"https:\/\/api.w.org\/{rel}","templated":true}]}}